{"id":9024,"date":"2023-01-05T13:59:07","date_gmt":"2023-01-05T12:59:07","guid":{"rendered":"http:\/\/www.asdcastelvecchio.it\/home\/?p=9024"},"modified":"2023-01-05T13:59:08","modified_gmt":"2023-01-05T12:59:08","slug":"dal-sassuolo-arriva-karina-olkhovik","status":"publish","type":"post","link":"https:\/\/www.asdcastelvecchio.it\/home\/2023\/01\/05\/dal-sassuolo-arriva-karina-olkhovik\/","title":{"rendered":"Dal Sassuolo arriva Karina Olkhovik"},"content":{"rendered":"\n<p>Cesena, 05\/01\/23<\/p>\n\n\n\n<p>Il Cesena comunica di aver trovato l&#8217;accordo con il Sassuolo per il prestito dell&#8217;attaccante classe 2000 Karina Olkhovik.<\/p>\n\n\n\n<p>Nata e cresciuta in Bielorussia dove ha mosso i primi passi nel mondo del calcio partendo nel 2016 tra le fila dell&#8217;Isloch-RGUOR dove in due stagioni ha trovato la rete per ben 104 volte, consentendole di vincere il premio come migliore calciatrice bielorussa. Successivamente ha vestito la maglia della Dinamo Minks vincendo due scudetti, due Coppe di Bielorussia e una Supercoppa nazionale: la giovane attaccante ha dato il suo contributo segnando 51 gol in 45 partite.<\/p>\n\n\n\n<p>Le sue ottime prestazioni le hanno fatto conquistare la nazionale maggiore con la quale ha partecipato alle qualificazioni per la Coppa del Mondo 2019.<\/p>\n\n\n\n<p>La sua avventura in Italia inizia nel gennaio dello scorso anno quando viene acquistata dal Chievo Verona: nella sua prima stagione in Serie B ha messo a referto 3 gol e diversi assist utili alla formazione giallobl\u00f9 per chiudere la stagione al quarto posto. In estate \u00e8 passata a titolo definitivo al Sassuolo, prendendo parte al campionato di Serie A.&nbsp;<\/p>\n\n\n\n<p>Giocatrice giovane che punta sulla velocit\u00e0, con un ottimo cambio di passo e tanta tecnica: convinta dal progetto presentato dal DS Sanna, Olkhovik sar\u00e0 un importante rinforzo alla corte di Mister Ardito per la seconda parte di stagione.&nbsp;<\/p>\n\n\n\n<p>Le sue prime parole in bianconero:<em>&nbsp;&#8220;Mi piace l&#8217;atmosfera che c&#8217;\u00e8 a Cesena, ho trovato una societ\u00e0 organizzata, ci alleniamo in un bel centro sportivo e lo stadio \u00e8 molto bello. La squadra mi piace, \u00e8 forte e tutte sono molto motivate, questo per me \u00e8 un aspetto molto importante&#8221;<\/em><\/p>\n\n\n\n<p><strong>Benvenuta Karina!<\/strong><\/p>\n","protected":false},"excerpt":{"rendered":"<p>Cesena, 05\/01\/23 Il Cesena comunica di aver trovato l&#8217;accordo con il Sassuolo per il prestito dell&#8217;attaccante classe 2000 Karina Olkhovik. Nata e cresciuta in Bielorussia dove ha mosso i primi passi nel mondo del calcio partendo nel 2016 tra le fila dell&#8217;Isloch-RGUOR dove in due stagioni ha trovato la rete per ben 104 volte, consentendole&hellip; <br \/> <a class=\"read-more\" href=\"https:\/\/www.asdcastelvecchio.it\/home\/2023\/01\/05\/dal-sassuolo-arriva-karina-olkhovik\/\">Read more<\/a><\/p>\n","protected":false},"author":3,"featured_media":9025,"comment_status":"open","ping_status":"open","sticky":false,"template":"","format":"standard","meta":{"footnotes":""},"categories":[1],"tags":[],"class_list":["post-9024","post","type-post","status-publish","format-standard","has-post-thumbnail","hentry","category-serie-b"],"_links":{"self":[{"href":"https:\/\/www.asdcastelvecchio.it\/home\/wp-json\/wp\/v2\/posts\/9024","targetHints":{"allow":["GET"]}}],"collection":[{"href":"https:\/\/www.asdcastelvecchio.it\/home\/wp-json\/wp\/v2\/posts"}],"about":[{"href":"https:\/\/www.asdcastelvecchio.it\/home\/wp-json\/wp\/v2\/types\/post"}],"author":[{"embeddable":true,"href":"https:\/\/www.asdcastelvecchio.it\/home\/wp-json\/wp\/v2\/users\/3"}],"replies":[{"embeddable":true,"href":"https:\/\/www.asdcastelvecchio.it\/home\/wp-json\/wp\/v2\/comments?post=9024"}],"version-history":[{"count":1,"href":"https:\/\/www.asdcastelvecchio.it\/home\/wp-json\/wp\/v2\/posts\/9024\/revisions"}],"predecessor-version":[{"id":9026,"href":"https:\/\/www.asdcastelvecchio.it\/home\/wp-json\/wp\/v2\/posts\/9024\/revisions\/9026"}],"wp:featuredmedia":[{"embeddable":true,"href":"https:\/\/www.asdcastelvecchio.it\/home\/wp-json\/wp\/v2\/media\/9025"}],"wp:attachment":[{"href":"https:\/\/www.asdcastelvecchio.it\/home\/wp-json\/wp\/v2\/media?parent=9024"}],"wp:term":[{"taxonomy":"category","embeddable":true,"href":"https:\/\/www.asdcastelvecchio.it\/home\/wp-json\/wp\/v2\/categories?post=9024"},{"taxonomy":"post_tag","embeddable":true,"href":"https:\/\/www.asdcastelvecchio.it\/home\/wp-json\/wp\/v2\/tags?post=9024"}],"curies":[{"name":"wp","href":"https:\/\/api.w.org\/{rel}","templated":true}]}}