{"id":9008,"date":"2022-12-16T17:03:22","date_gmt":"2022-12-16T16:03:22","guid":{"rendered":"http:\/\/www.asdcastelvecchio.it\/home\/?p=9008"},"modified":"2022-12-16T17:03:24","modified_gmt":"2022-12-16T16:03:24","slug":"ufficiale-larrivo-di-kiamou-dal-cittadella","status":"publish","type":"post","link":"https:\/\/www.asdcastelvecchio.it\/home\/2022\/12\/16\/ufficiale-larrivo-di-kiamou-dal-cittadella\/","title":{"rendered":"Ufficiale l\u2019arrivo di Kiamou dal Cittadella"},"content":{"rendered":"\n<p>Cesena, 16\/12\/2022<\/p>\n\n\n\n<p>Il Cesena FC comunica l&#8217;arrivo a titolo definitivo della centrocampista Christianna Kiamou che nella prima parte di stagione ha vestito la maglia del Cittadella.<\/p>\n\n\n\n<p>Classe 1995 di nazionalit\u00e0 greca ma nata a Birmingham, arriva in Italia nel 2020, nella sua prima stagione in Serie B ha vestito le maglie di Orobica Bergamo e Pomigliano, con il quale ha ottenuto la promozione in Serie A. Nella stagione successiva si \u00e8 trasferita nella vicina San Marino dove \u00e8 scesa in campo 16 volte contribuendo con la sua duttilit\u00e0 ad aiutare la squadra ha concludere il campionato in terza posizione.<\/p>\n\n\n\n<p>Il DS Sanna ha cos\u00ec trovato l\u2019accordo con una giocatrice esperta, garantendo al Cavalluccio un rinforzo con grandi doti tecniche e un&#8217;ottima visione di gioco, in grado di giocare sia a centrocampo come play sia come difensore centrale. La sua duttilit\u00e0 la rende una calciatrice affidabile e importante per diversi sistemi di gioco.<\/p>\n\n\n\n<p>Le prime parole in bianconero di Christianna:<\/p>\n\n\n\n<p><em>&#8220;Ho scelto Cesena perch\u00e9 \u00e8 stata la squadra con il progetto pi\u00f9 interessante, ho parlato con il DS e il Mister e ho capito che era il posto giusto per poter continuare a crescere e raggiungere i miei obiettivi personali.<\/em><\/p>\n\n\n\n<p><em>Non \u00e8 sempre facile cambiare a met\u00e0 stagione, ma la squadra \u00e8 forte, mi hanno accolto nel modo migliore, io mi sento bene e sono carica per questa nuova avventura!<\/em><\/p>\n\n\n\n<p><em>Ho visto qualche partita del Cesena, penso che sia una squadra che gioca bene a calcio ed \u00e8 anche questo uno dei motivi che mi ha spinto a venire qui.&#8221;<\/em><\/p>\n\n\n\n<p><strong>Benvenuta in bianconero!<\/strong><\/p>\n","protected":false},"excerpt":{"rendered":"<p>Cesena, 16\/12\/2022 Il Cesena FC comunica l&#8217;arrivo a titolo definitivo della centrocampista Christianna Kiamou che nella prima parte di stagione ha vestito la maglia del Cittadella. Classe 1995 di nazionalit\u00e0 greca ma nata a Birmingham, arriva in Italia nel 2020, nella sua prima stagione in Serie B ha vestito le maglie di Orobica Bergamo e&hellip; <br \/> <a class=\"read-more\" href=\"https:\/\/www.asdcastelvecchio.it\/home\/2022\/12\/16\/ufficiale-larrivo-di-kiamou-dal-cittadella\/\">Read more<\/a><\/p>\n","protected":false},"author":3,"featured_media":9009,"comment_status":"open","ping_status":"open","sticky":false,"template":"","format":"standard","meta":{"footnotes":""},"categories":[1],"tags":[],"class_list":["post-9008","post","type-post","status-publish","format-standard","has-post-thumbnail","hentry","category-serie-b"],"_links":{"self":[{"href":"https:\/\/www.asdcastelvecchio.it\/home\/wp-json\/wp\/v2\/posts\/9008","targetHints":{"allow":["GET"]}}],"collection":[{"href":"https:\/\/www.asdcastelvecchio.it\/home\/wp-json\/wp\/v2\/posts"}],"about":[{"href":"https:\/\/www.asdcastelvecchio.it\/home\/wp-json\/wp\/v2\/types\/post"}],"author":[{"embeddable":true,"href":"https:\/\/www.asdcastelvecchio.it\/home\/wp-json\/wp\/v2\/users\/3"}],"replies":[{"embeddable":true,"href":"https:\/\/www.asdcastelvecchio.it\/home\/wp-json\/wp\/v2\/comments?post=9008"}],"version-history":[{"count":1,"href":"https:\/\/www.asdcastelvecchio.it\/home\/wp-json\/wp\/v2\/posts\/9008\/revisions"}],"predecessor-version":[{"id":9010,"href":"https:\/\/www.asdcastelvecchio.it\/home\/wp-json\/wp\/v2\/posts\/9008\/revisions\/9010"}],"wp:featuredmedia":[{"embeddable":true,"href":"https:\/\/www.asdcastelvecchio.it\/home\/wp-json\/wp\/v2\/media\/9009"}],"wp:attachment":[{"href":"https:\/\/www.asdcastelvecchio.it\/home\/wp-json\/wp\/v2\/media?parent=9008"}],"wp:term":[{"taxonomy":"category","embeddable":true,"href":"https:\/\/www.asdcastelvecchio.it\/home\/wp-json\/wp\/v2\/categories?post=9008"},{"taxonomy":"post_tag","embeddable":true,"href":"https:\/\/www.asdcastelvecchio.it\/home\/wp-json\/wp\/v2\/tags?post=9008"}],"curies":[{"name":"wp","href":"https:\/\/api.w.org\/{rel}","templated":true}]}}