{"id":9640,"date":"2023-04-03T09:13:44","date_gmt":"2023-04-03T07:13:44","guid":{"rendered":"http:\/\/www.asdcastelvecchio.it\/home\/?p=9640"},"modified":"2023-04-03T09:13:45","modified_gmt":"2023-04-03T07:13:45","slug":"pareggio-in-rimonta-con-la-ternana","status":"publish","type":"post","link":"http:\/\/www.asdcastelvecchio.it\/home\/2023\/04\/03\/pareggio-in-rimonta-con-la-ternana\/","title":{"rendered":"Pareggio in rimonta con la Ternana"},"content":{"rendered":"\n<p>C&#8217;\u00e8 un cuore che non smette di battere: nonostante i risultati altalenanti, gli infortuni e le difficolt\u00e0 questo gruppo \u00e8 vivo e si regala un pomeriggio da ricordare!<\/p>\n\n\n\n<p>La Ternana \u00e8 la squadra rivelazione del campionato che nel girone d&#8217;andata ha giocato un&#8217;ottima partita riuscendo ad interrompere la striscia di risultati utili consecutivi della squadra bianconera.<\/p>\n\n\n\n<p>Dopo quattro mesi e mezzo le due squadre si ritrovano e come per il precedente incontro \u00e8 inizialmente la Ternana a rendersi pi\u00f9 pericolosa e al 6&#8242; passa in vantaggio: cambio di campo, il pallone arriva a Lombardo che serve Spyridonidou tra le linee, la numero 11 supera Kiamou e batte Frigotto.<\/p>\n\n\n\n<p>Il Cesena \u00e8 in confusione e le Fere continuano a spingere alla ricerca del raddoppio: al 17\u2019 Spyridonidou serve Labate che si accentra e calcia, Frigotto attenta chiude la porta. Due minuti pi\u00f9 tardi azione insistita della Ternana: Vigliucci dal fondo mette un cross nell\u2019area piccola, colpisce di testa Tarantino a pochi centimetri dalla porta ma la sfera finisce alta sopra la traversa.<\/p>\n\n\n\n<p>Il doppio vantaggio arriva al 23&#8242;: Tarantino porta palla vede Spyridonidou libera in area, la quale riceve palla e spiazza Frigotto.<\/p>\n\n\n\n<p>La seconda rete subita risveglia il Cavalluccio che inizia a spingersi con pi\u00f9 coraggio in avanti producendo diverse palle gol: al 26\u2019 Miotto si incarica di un calcio di punizione ribattuto dalla difesa, arriva a Porcarelli, la numero 14 calcia verso la porta, ma salva il risultato Massimino che ci mette la gamba e devia il pallone.&nbsp;<\/p>\n\n\n\n<p>Alla mezz&#8217;ora circa il Cesena ha una grande occasione per pareggiarla: Costa con una bellissima pennellata cerca l\u2019incrocio dei pali,<\/p>\n\n\n\n<p>De Bona le nega la gioia del gol con un\u2019ottima parata in volo.<\/p>\n\n\n\n<p>La rete arriva quando mancano 10 minuti all&#8217;intervallo: lancio in profondit\u00e0 di Ploner, Sechi tutta sola vede l\u2019uscita di De Bona, tocco sotto che finisce in rete.<\/p>\n\n\n\n<p>Nella seconda frazione la partita rimane su ritmi alti con entrambe le squadre che spingono.<\/p>\n\n\n\n<p>Le Fere al 59&#8242; provano a chiuderla trovando il terzo gol: Pallone gestito male in area bianconera, ne approfitta Labate che di destro mette in rete sul secondo palo.<\/p>\n\n\n\n<p>Il Cavalluccio non ci sta e inizia ad attaccare a testa bassa mettendo sotto pressione la squadra di casa e al 70&#8242; si riapre la gara: Distefano furba &nbsp;recupera un buon pallone in area, si coordina e tira forte battendo De Bona.<\/p>\n\n\n\n<p>Le bianconere ci credono e nove minuti pi\u00f9 tardi trovano il pari: Lancio di Iriguchi in area, la difesa rossoverde si perde Sechi<\/p>\n\n\n\n<p>che indisturbata batte di testa De Bona.<\/p>\n\n\n\n<p>Il pareggio sta quasi stretto al Cesena che sul finale ha continuato ad occupare la met\u00e0 campo rossoverde costruendo altre occasioni, la pi\u00f9 pericolosa arriva al 89\u2019: Distefano dal limite dell\u2019area calcia di potenza, De Bona non trattiene, ci arriva in scivolata Porcarelli che non riesce purtroppo ad angolare.<\/p>\n\n\n\n<p>Le dichiarazione del mister: &#8220;<em>Prima di parlare della partita ci tenevo a sottolineare la sportivit\u00e0 del Presidente della Ternana che \u00e8 entrato nei nostri spogliatoi per fare i complimenti alla squadra e allo staff. Bandecchi ha riconosciuto il valore dell&#8217;avversario ammettendo che il pareggio era pi\u00f9 che meritato, aggiungendon che ha apprezzato la voglia di combattere. Ci tenevo a sottolineare a queste parole perch\u00e9 sono state dette da un avversario e lo ringrazio per la grande sportivit\u00e0&#8221;<\/em><\/p>\n\n\n\n<p>Mister Ardito ha proseguito parlando del momento della squadra:&nbsp;<em>&#8220;Nel girone d&#8217;andata abbiamo regalato ai nostri tifosi e a noi stessi qualcosa di eccezionale. Continuo a dirlo, questo \u00e8 un gruppo giovane che anche oggi ha giocato alla pari contro una squadra forte fisicamente e con molta esperienza. Il nostro \u00e8 un percorso di crescita \u00e8 chiaro che anche noi siamo rammaricati per alcuni risultati degli ultimi mesi.&nbsp;<\/em><\/p>\n\n\n\n<p><em>Il girone di ritorno \u00e8 come se fosse un campionato a s\u00e8, le rose fanno la differenza e noi purtroppo abbiamo subito diversi infortuni che non ci hanno permesso di avere sempre la squadra al meglio. Io comunque devo dire soltanto grazie a queste ragazze che si stanno impegnando sempre tanto, anche il risultato di oggi dimostra che cerchiamo di giocare a calcio e di riportare sul campo quello che prepariamo in settimana.&nbsp;<\/em><\/p>\n\n\n\n<p><em>Il pareggio di oggi forse ci sta un po&#8217; stretto, nel finale abbiamo avuto un paio di volte la palla buona per chiudere la partita. Sinceramente non ricordo quante squadre sono venute su questo campo e sono riuscite a ricucire uno svantaggio di due gol&#8221;<\/em><\/p>\n\n\n\n<p>Il Mister ha concluso parlando dell&#8217;obiettivo dell&#8217;ultima parte di campioanto:&nbsp;<em>&#8220;adesso si continua a lavorare, ci sono ancora diverse partite che ci possono far migliorare la classifica. Il nostro obiettivo \u00e8 sempre stato quello di migliorare la posizione dello scorso anno, ci siamo tolti una grande soddisfazione che \u00e8 stata quella di archiviare il discorso salvezza gi\u00e0 nel girone d&#8217;andata e adesso continuiamo con tranquillit\u00e0 il nostro percorso&#8221;.<\/em><\/p>\n\n\n\n<p><strong>TABELLINO<\/strong><\/p>\n\n\n\n<p>Ternana &#8211; Cesena 3-3<\/p>\n\n\n\n<p>Ternana: De Bona; Pacioni, Di Criscio, Massimino; Capitanelli (61\u2019 Corazzi), Vigliucci, Fusar Poli, Lombardo, Labate; Tarantino, Spyridonidou&nbsp;<\/p>\n\n\n\n<p>A disp: Sacco, Ghioc, Imprezzabile, Labianca, Aldini, Pontes Mateus, Maffei, Santoro<\/p>\n\n\n\n<p>All: Melillo<\/p>\n\n\n\n<p>Cesena: Frigotto; Casadei, Mancuso, Kiamou (85\u2019 Carlini), Costa; Miotto (71\u2019 Nano), Mak (71\u2019 Iriguchi) Porcarelli, Zanni; Ploner (57\u2019 Distefano), Sechi (85\u2019 Gidoni)<\/p>\n\n\n\n<p>A disp: Bardi; Monti, Cuciniello; Bizzocchi<\/p>\n\n\n\n<p>All: Ardito&nbsp;<\/p>\n\n\n\n<p>Arbitro: Andrea Giordani di Aprilia&nbsp;<\/p>\n\n\n\n<p>Assistenti: Fabio Gentile di Teramo e Matteo Siracusano di Sulmona<\/p>\n\n\n\n<p>Ammonizioni: 90\u2019 Corazzi<\/p>\n\n\n\n<p>Espulsioni: 91\u2019 De Franco (Collaboratore tecnico Cesena FC)<\/p>\n\n\n\n<p>Reti: 6\u2019, 23\u2019 Spyridonidou [T], 35\u2019, 79\u2019 Sechi [C], 59\u2019 Labate [T], 70\u2019 Distefano [C]<\/p>\n","protected":false},"excerpt":{"rendered":"<p>C&#8217;\u00e8 un cuore che non smette di battere: nonostante i risultati altalenanti, gli infortuni e le difficolt\u00e0 questo gruppo \u00e8 vivo e si regala un pomeriggio da ricordare! La Ternana \u00e8 la squadra rivelazione del campionato che nel girone d&#8217;andata ha giocato un&#8217;ottima partita riuscendo ad interrompere la striscia di risultati utili consecutivi della squadra&hellip; <br \/> <a class=\"read-more\" href=\"http:\/\/www.asdcastelvecchio.it\/home\/2023\/04\/03\/pareggio-in-rimonta-con-la-ternana\/\">Read more<\/a><\/p>\n","protected":false},"author":3,"featured_media":9641,"comment_status":"open","ping_status":"open","sticky":false,"template":"","format":"standard","meta":{"footnotes":""},"categories":[1],"tags":[],"class_list":["post-9640","post","type-post","status-publish","format-standard","has-post-thumbnail","hentry","category-serie-b"],"_links":{"self":[{"href":"http:\/\/www.asdcastelvecchio.it\/home\/wp-json\/wp\/v2\/posts\/9640","targetHints":{"allow":["GET"]}}],"collection":[{"href":"http:\/\/www.asdcastelvecchio.it\/home\/wp-json\/wp\/v2\/posts"}],"about":[{"href":"http:\/\/www.asdcastelvecchio.it\/home\/wp-json\/wp\/v2\/types\/post"}],"author":[{"embeddable":true,"href":"http:\/\/www.asdcastelvecchio.it\/home\/wp-json\/wp\/v2\/users\/3"}],"replies":[{"embeddable":true,"href":"http:\/\/www.asdcastelvecchio.it\/home\/wp-json\/wp\/v2\/comments?post=9640"}],"version-history":[{"count":1,"href":"http:\/\/www.asdcastelvecchio.it\/home\/wp-json\/wp\/v2\/posts\/9640\/revisions"}],"predecessor-version":[{"id":9642,"href":"http:\/\/www.asdcastelvecchio.it\/home\/wp-json\/wp\/v2\/posts\/9640\/revisions\/9642"}],"wp:featuredmedia":[{"embeddable":true,"href":"http:\/\/www.asdcastelvecchio.it\/home\/wp-json\/wp\/v2\/media\/9641"}],"wp:attachment":[{"href":"http:\/\/www.asdcastelvecchio.it\/home\/wp-json\/wp\/v2\/media?parent=9640"}],"wp:term":[{"taxonomy":"category","embeddable":true,"href":"http:\/\/www.asdcastelvecchio.it\/home\/wp-json\/wp\/v2\/categories?post=9640"},{"taxonomy":"post_tag","embeddable":true,"href":"http:\/\/www.asdcastelvecchio.it\/home\/wp-json\/wp\/v2\/tags?post=9640"}],"curies":[{"name":"wp","href":"https:\/\/api.w.org\/{rel}","templated":true}]}}