{"id":8342,"date":"2022-08-10T15:34:21","date_gmt":"2022-08-10T13:34:21","guid":{"rendered":"http:\/\/www.asdcastelvecchio.it\/home\/?p=8342"},"modified":"2022-08-10T16:00:05","modified_gmt":"2022-08-10T14:00:05","slug":"lidia-bradau-e-del-cesena","status":"publish","type":"post","link":"http:\/\/www.asdcastelvecchio.it\/home\/2022\/08\/10\/lidia-bradau-e-del-cesena\/","title":{"rendered":"Lidia Bradau \u00e8 del Cesena"},"content":{"rendered":"\n<figure class=\"wp-block-image\"><img decoding=\"async\" src=\"blob:http:\/\/www.asdcastelvecchio.it\/18080ef3-181f-4ec5-bb28-a398203adbc3\" alt=\"\"\/><\/figure>\n\n\n\n<p>Cesena, 10\/08\/2022<\/p>\n\n\n\n<p>Il Cesena FC Femminile \u00e8 felice di annunciare&nbsp;&nbsp;di essersi aggiudicato le prestazioni sportive di Lidia Bradau per la stagione 2022\/2023.<\/p>\n\n\n\n<p>Centrocampista (Classe 97) nata in Romania \u00e8 cresciuta in Canada dove si \u00e8 trasferita da giovanissima con la famiglia. Durante il periodo delle superiori ha giocato per il Team Ontario, una volta concluso il percorso nella High School si \u00e8 iscritta alla Ontario University Athletics dove ha vestito per quattro stagioni la maglia del Queen&#8217;s University. Dal 2018 ha continuato la sua avventura calcistica sempre ad Ontario con l&#8217;Oakville Blue Devils. Nel 2021 insieme a due sue compagne di squadra \u00e8 stata inserita nella &#8220;League 1 Ontario All &#8211; Star Teams&#8221; premio importante che conferma l&#8217;ottima stagione della centrocampista e della sua squadra che proprio quell&#8217;anno dopo un ottimo campionato sono arrivate in finale playoff.&nbsp;&nbsp;In quest&#8217;ultima stagione iniziata ad aprile ha collezionato 14 presenze tutte da titolare stando sempre in campo 90&#8242; minuti, trovando 1 gol contro Hamilton United.<\/p>\n\n\n\n<p>Arriva a Cesena a titolo definitivo e a parametro zero, ottimo colpo internazionale del DS Sanna che ha aggiunto un altro tassello importante per il centrocampo bianconero: giocatrice mancina a cui piace giocare da play \u00e8 dotata di grande tecnica e visione di gioco. \u00c8 la prima persona canadese a vestire la maglia bianconera, un arrivo importante che dimostra da parte della societ\u00e0 una visione non sono territoriale ma anche nazionale e internazionale: un mix di culture e caratteristiche che potranno far crescere l&#8217;ambiente.<\/p>\n\n\n\n<p><strong>Benvenuta in bianconero!<\/strong><\/p>\n","protected":false},"excerpt":{"rendered":"<p>Cesena, 10\/08\/2022 Il Cesena FC Femminile \u00e8 felice di annunciare&nbsp;&nbsp;di essersi aggiudicato le prestazioni sportive di Lidia Bradau per la stagione 2022\/2023. Centrocampista (Classe 97) nata in Romania \u00e8 cresciuta in Canada dove si \u00e8 trasferita da giovanissima con la famiglia. Durante il periodo delle superiori ha giocato per il Team Ontario, una volta concluso&hellip; <br \/> <a class=\"read-more\" href=\"http:\/\/www.asdcastelvecchio.it\/home\/2022\/08\/10\/lidia-bradau-e-del-cesena\/\">Read more<\/a><\/p>\n","protected":false},"author":3,"featured_media":0,"comment_status":"open","ping_status":"open","sticky":false,"template":"","format":"standard","meta":{"footnotes":""},"categories":[1],"tags":[],"class_list":["post-8342","post","type-post","status-publish","format-standard","hentry","category-serie-b"],"_links":{"self":[{"href":"http:\/\/www.asdcastelvecchio.it\/home\/wp-json\/wp\/v2\/posts\/8342","targetHints":{"allow":["GET"]}}],"collection":[{"href":"http:\/\/www.asdcastelvecchio.it\/home\/wp-json\/wp\/v2\/posts"}],"about":[{"href":"http:\/\/www.asdcastelvecchio.it\/home\/wp-json\/wp\/v2\/types\/post"}],"author":[{"embeddable":true,"href":"http:\/\/www.asdcastelvecchio.it\/home\/wp-json\/wp\/v2\/users\/3"}],"replies":[{"embeddable":true,"href":"http:\/\/www.asdcastelvecchio.it\/home\/wp-json\/wp\/v2\/comments?post=8342"}],"version-history":[{"count":2,"href":"http:\/\/www.asdcastelvecchio.it\/home\/wp-json\/wp\/v2\/posts\/8342\/revisions"}],"predecessor-version":[{"id":8345,"href":"http:\/\/www.asdcastelvecchio.it\/home\/wp-json\/wp\/v2\/posts\/8342\/revisions\/8345"}],"wp:attachment":[{"href":"http:\/\/www.asdcastelvecchio.it\/home\/wp-json\/wp\/v2\/media?parent=8342"}],"wp:term":[{"taxonomy":"category","embeddable":true,"href":"http:\/\/www.asdcastelvecchio.it\/home\/wp-json\/wp\/v2\/categories?post=8342"},{"taxonomy":"post_tag","embeddable":true,"href":"http:\/\/www.asdcastelvecchio.it\/home\/wp-json\/wp\/v2\/tags?post=8342"}],"curies":[{"name":"wp","href":"https:\/\/api.w.org\/{rel}","templated":true}]}}