{"id":8324,"date":"2022-07-25T09:15:54","date_gmt":"2022-07-25T07:15:54","guid":{"rendered":"http:\/\/www.asdcastelvecchio.it\/home\/?p=8324"},"modified":"2022-07-25T09:15:55","modified_gmt":"2022-07-25T07:15:55","slug":"dal-milan-arriva-maria-vittoria-nano","status":"publish","type":"post","link":"http:\/\/www.asdcastelvecchio.it\/home\/2022\/07\/25\/dal-milan-arriva-maria-vittoria-nano\/","title":{"rendered":"Dal Milan arriva Maria Vittoria Nano"},"content":{"rendered":"\n<p>Cesena, 25\/07\/2022<\/p>\n\n\n\n<p>Il Cesena FC Femminile \u00e8 felice di annunciare&nbsp;&nbsp;di essersi aggiudicato le prestazioni sportive di Maria Vittoria Nano per la stagione 2022\/2023.<\/p>\n\n\n\n<p>Classe 2003, l\u2019esterno sinistro cresce calcisticamente nel Milan, in cui trascorre 5 anni tra Under 17 e Primavera, diventandone capitano. Le sue doti vengono notate anche in Prima Squadra con cui esordisce in Serie A nell&#8217;ottobre del 2020 durante il derby vinto contro l&#8217;Inter, mentre un mese dopo gioca in Coppa Italia proprio al Centro&nbsp;&nbsp;Sportivo di Martorano contro il Cesena.&nbsp;<\/p>\n\n\n\n<p>Acquisto di rilievo per il mercato bianconero, focalizzato sulla ricerca di giovani talenti da far crescere e apprezzare. La scelta di Nano di ripartire da Cesena sottolinea il lavoro fatto dalla Societ\u00e0 nel costruire un ambiente sano e competitivo.&nbsp;<\/p>\n\n\n\n<p>Le prime parole di Maria Vittoria Nano in bianconero:<\/p>\n\n\n\n<p><em>\u201cIl Cesena \u00e8 una squadra giovane e promettente. Sento che in questo ambiente posso e voglio migliorare. L\u2019obiettivo \u00e8 quello di poter far sempre meglio e arrivare il pi\u00f9 in l\u00e0 possibile. Cesena per me sar\u00e0 un punto di partenza importante dove mi confronter\u00f2 con persone pi\u00f9 grandi, di livello e con tanta esperienza.\u201d<\/em><\/p>\n\n\n\n<p><strong>Benvenuta in bianconero!<\/strong><\/p>\n","protected":false},"excerpt":{"rendered":"<p>Cesena, 25\/07\/2022 Il Cesena FC Femminile \u00e8 felice di annunciare&nbsp;&nbsp;di essersi aggiudicato le prestazioni sportive di Maria Vittoria Nano per la stagione 2022\/2023. Classe 2003, l\u2019esterno sinistro cresce calcisticamente nel Milan, in cui trascorre 5 anni tra Under 17 e Primavera, diventandone capitano. Le sue doti vengono notate anche in Prima Squadra con cui esordisce&hellip; <br \/> <a class=\"read-more\" href=\"http:\/\/www.asdcastelvecchio.it\/home\/2022\/07\/25\/dal-milan-arriva-maria-vittoria-nano\/\">Read more<\/a><\/p>\n","protected":false},"author":3,"featured_media":0,"comment_status":"open","ping_status":"open","sticky":false,"template":"","format":"standard","meta":{"footnotes":""},"categories":[1],"tags":[],"class_list":["post-8324","post","type-post","status-publish","format-standard","hentry","category-serie-b"],"_links":{"self":[{"href":"http:\/\/www.asdcastelvecchio.it\/home\/wp-json\/wp\/v2\/posts\/8324","targetHints":{"allow":["GET"]}}],"collection":[{"href":"http:\/\/www.asdcastelvecchio.it\/home\/wp-json\/wp\/v2\/posts"}],"about":[{"href":"http:\/\/www.asdcastelvecchio.it\/home\/wp-json\/wp\/v2\/types\/post"}],"author":[{"embeddable":true,"href":"http:\/\/www.asdcastelvecchio.it\/home\/wp-json\/wp\/v2\/users\/3"}],"replies":[{"embeddable":true,"href":"http:\/\/www.asdcastelvecchio.it\/home\/wp-json\/wp\/v2\/comments?post=8324"}],"version-history":[{"count":1,"href":"http:\/\/www.asdcastelvecchio.it\/home\/wp-json\/wp\/v2\/posts\/8324\/revisions"}],"predecessor-version":[{"id":8326,"href":"http:\/\/www.asdcastelvecchio.it\/home\/wp-json\/wp\/v2\/posts\/8324\/revisions\/8326"}],"wp:attachment":[{"href":"http:\/\/www.asdcastelvecchio.it\/home\/wp-json\/wp\/v2\/media?parent=8324"}],"wp:term":[{"taxonomy":"category","embeddable":true,"href":"http:\/\/www.asdcastelvecchio.it\/home\/wp-json\/wp\/v2\/categories?post=8324"},{"taxonomy":"post_tag","embeddable":true,"href":"http:\/\/www.asdcastelvecchio.it\/home\/wp-json\/wp\/v2\/tags?post=8324"}],"curies":[{"name":"wp","href":"https:\/\/api.w.org\/{rel}","templated":true}]}}