{"id":8296,"date":"2022-07-19T10:06:35","date_gmt":"2022-07-19T08:06:35","guid":{"rendered":"http:\/\/www.asdcastelvecchio.it\/home\/?p=8296"},"modified":"2022-07-19T10:06:37","modified_gmt":"2022-07-19T08:06:37","slug":"ufficiale-il-ritorno-di-maddalena-porcarelli","status":"publish","type":"post","link":"http:\/\/www.asdcastelvecchio.it\/home\/2022\/07\/19\/ufficiale-il-ritorno-di-maddalena-porcarelli\/","title":{"rendered":"Ufficiale il ritorno di Maddalena Porcarelli"},"content":{"rendered":"\n<p><\/p>\n\n\n\n<figure class=\"wp-block-image\"><img decoding=\"async\" src=\"blob:http:\/\/www.asdcastelvecchio.it\/28bf69cb-651a-4459-a559-998f87bb465b\" alt=\"\"\/><\/figure>\n\n\n\n<p>Cesena, 19\/07\/2022<\/p>\n\n\n\n<p>Il Cesena FC Femminile comunica di aver concluso l\u2019accordo per le prestazioni sportive di Maddalena Porcarelli per la stagione 2022\/2023.&nbsp;<\/p>\n\n\n\n<p>L&#8217;attaccante classe 2000 ha gi\u00e0 vestito la maglia bianconera per tre anni dalla stagione 18\/19 fino alla stagione 20\/21, confermandosi pi\u00f9 volte titolare e segnando 24 gol: il suo \u00e8 un ritorno voluto e cercato dal Direttore Sportivo Elvio Sanna e dalla Societ\u00e0 intera, che hanno superato altre pretendenti di Serie A e Serie B con un vero progetto di crescita e obiettivi importanti.<\/p>\n\n\n\n<p>La giocatrice marchigiana, grazie alla sua crescita e doti calcistiche, \u00e8 approdata in massima Serie durante lo scorso Campionato, giocando con il Napoli. Nel mercato di gennaio invece \u00e8 passata in Serie B al Brescia, lottando fino all\u2019ultima giornata per la promozione.<\/p>\n\n\n\n<p>La conoscenza dell&#8217;ambiente e di molte compagne le permetteranno di riadattarsi al meglio: il suo innesto andr\u00e0 a incrementare il valore dell&#8217;attacco bianconero.&nbsp;<\/p>\n\n\n\n<p>La Dirigenza tutta \u00e8 felice e soddisfatta di riavere Maddalena all&#8217;interno della rosa per la nuova stagione, ritenendola una giocatrice fondamentale per il percorso intrapreso nonostante la giovane et\u00e0.<\/p>\n\n\n\n<p><em>\u201cSono grata a Napoli e Brescia per il percorso fatto insieme: sono state esperienze formative e utili per la mia crescita, sia come giocatrice sia come persona. A Brescia ho trovato un ambiente umano, a partire dalla Presidentessa Clara Gorno. Tutte qualit\u00e0 che ho sempre cercato nelle squadre in cui giocavo: \u00e8 per questo che sono tornata a Cesena, ambiente in cui mi sono sempre trovata molto bene. Questa societ\u00e0 mi ha accolta e voluto bene quando ero molto giovane: stare lontana mi ha fatto capire che abbiamo ancora tanto da dirci e da darci a vicenda. Tra di noi c\u2019\u00e8 un legame profondo: abbiamo obiettivi condivisi, che faremo di tutto per raggiungere. Personalmente voglio migliorare sotto porta, diventando pi\u00f9 cinica: insieme alle mie compagne devo lavorare molto per fare bene.\u201d<\/em><\/p>\n\n\n\n<p><strong>Bentornata in bianconero!&nbsp;<\/strong><\/p>\n","protected":false},"excerpt":{"rendered":"<p>Cesena, 19\/07\/2022 Il Cesena FC Femminile comunica di aver concluso l\u2019accordo per le prestazioni sportive di Maddalena Porcarelli per la stagione 2022\/2023.&nbsp; L&#8217;attaccante classe 2000 ha gi\u00e0 vestito la maglia bianconera per tre anni dalla stagione 18\/19 fino alla stagione 20\/21, confermandosi pi\u00f9 volte titolare e segnando 24 gol: il suo \u00e8 un ritorno voluto&hellip; <br \/> <a class=\"read-more\" href=\"http:\/\/www.asdcastelvecchio.it\/home\/2022\/07\/19\/ufficiale-il-ritorno-di-maddalena-porcarelli\/\">Read more<\/a><\/p>\n","protected":false},"author":3,"featured_media":0,"comment_status":"open","ping_status":"open","sticky":false,"template":"","format":"standard","meta":{"footnotes":""},"categories":[1],"tags":[],"class_list":["post-8296","post","type-post","status-publish","format-standard","hentry","category-serie-b"],"_links":{"self":[{"href":"http:\/\/www.asdcastelvecchio.it\/home\/wp-json\/wp\/v2\/posts\/8296","targetHints":{"allow":["GET"]}}],"collection":[{"href":"http:\/\/www.asdcastelvecchio.it\/home\/wp-json\/wp\/v2\/posts"}],"about":[{"href":"http:\/\/www.asdcastelvecchio.it\/home\/wp-json\/wp\/v2\/types\/post"}],"author":[{"embeddable":true,"href":"http:\/\/www.asdcastelvecchio.it\/home\/wp-json\/wp\/v2\/users\/3"}],"replies":[{"embeddable":true,"href":"http:\/\/www.asdcastelvecchio.it\/home\/wp-json\/wp\/v2\/comments?post=8296"}],"version-history":[{"count":1,"href":"http:\/\/www.asdcastelvecchio.it\/home\/wp-json\/wp\/v2\/posts\/8296\/revisions"}],"predecessor-version":[{"id":8298,"href":"http:\/\/www.asdcastelvecchio.it\/home\/wp-json\/wp\/v2\/posts\/8296\/revisions\/8298"}],"wp:attachment":[{"href":"http:\/\/www.asdcastelvecchio.it\/home\/wp-json\/wp\/v2\/media?parent=8296"}],"wp:term":[{"taxonomy":"category","embeddable":true,"href":"http:\/\/www.asdcastelvecchio.it\/home\/wp-json\/wp\/v2\/categories?post=8296"},{"taxonomy":"post_tag","embeddable":true,"href":"http:\/\/www.asdcastelvecchio.it\/home\/wp-json\/wp\/v2\/tags?post=8296"}],"curies":[{"name":"wp","href":"https:\/\/api.w.org\/{rel}","templated":true}]}}