{"id":8290,"date":"2022-07-15T15:56:03","date_gmt":"2022-07-15T13:56:03","guid":{"rendered":"http:\/\/www.asdcastelvecchio.it\/home\/?p=8290"},"modified":"2022-07-15T15:56:07","modified_gmt":"2022-07-15T13:56:07","slug":"continua-il-percorso-in-bianconero-di-beleffi-bizzocchi-e-bernardi","status":"publish","type":"post","link":"http:\/\/www.asdcastelvecchio.it\/home\/2022\/07\/15\/continua-il-percorso-in-bianconero-di-beleffi-bizzocchi-e-bernardi\/","title":{"rendered":"<strong>CONTINUA IL PERCORSO IN BIANCONERO DI BELEFFI, BIZZOCCHI E BERNARDI<\/strong>"},"content":{"rendered":"\n<figure class=\"wp-block-image\"><img decoding=\"async\" src=\"blob:http:\/\/www.asdcastelvecchio.it\/f776b5c5-50ce-4ca5-beb4-d9f7df016232\" alt=\"\"\/><\/figure>\n\n\n\n<p>Cesena, 15\/07\/2022<\/p>\n\n\n\n<p>Il Cesena FC Femminile comunica di aver confermato per la stagione 2022\/2023 Marika Beleffi, Beatrice Bizzocchi e Veronica Bernardi.<\/p>\n\n\n\n<p>Beleffi (classe &#8217;98) nonostante la giovane et\u00e0 \u00e8 una veterana di questa societ\u00e0: ha iniziato nella scuola calcio del Castelvecchio e ha continuato ad essere protagonista anche con i colori bianconeri. \u00c8 una centrocampista duttile, sempre pronta al sacrificio e con il vizio del gol: anche in questa stagione dar\u00e0 battaglia in mezzo al campo.<\/p>\n\n\n\n<p>Bizzocchi (classe &#8217;02) ha fatto la trafila delle giovanili distinguendosi per la sua forza e grinta. Da due anni \u00e8 stabilmente in prima squadra, l&#8217;ultimo anno \u00e8 stato complicato per via di alcuni infortuni, ma la giovane centrocampista \u00e8 di nuovo pronta per scendere in campo ed aiutare le compagne.<\/p>\n\n\n\n<p>Bernardi (classe &#8217;05) la pi\u00f9 giovane del trio \u00e8 arrivata in prima squadra la scorsa stagione conquistandosi sul campo il posto da titolare. Ha indossato anche la maglia azzurra con la quale ha giocato le qualificazioni per l&#8217;Europeo under 17.<\/p>\n\n\n\n<p>Rinnovi importanti per il presente e per il futuro della societ\u00e0, che conferma di voler puntare anche su giocatrici cresciute nel proprio vivaio.<\/p>\n","protected":false},"excerpt":{"rendered":"<p>Cesena, 15\/07\/2022 Il Cesena FC Femminile comunica di aver confermato per la stagione 2022\/2023 Marika Beleffi, Beatrice Bizzocchi e Veronica Bernardi. Beleffi (classe &#8217;98) nonostante la giovane et\u00e0 \u00e8 una veterana di questa societ\u00e0: ha iniziato nella scuola calcio del Castelvecchio e ha continuato ad essere protagonista anche con i colori bianconeri. \u00c8 una centrocampista&hellip; <br \/> <a class=\"read-more\" href=\"http:\/\/www.asdcastelvecchio.it\/home\/2022\/07\/15\/continua-il-percorso-in-bianconero-di-beleffi-bizzocchi-e-bernardi\/\">Read more<\/a><\/p>\n","protected":false},"author":3,"featured_media":0,"comment_status":"open","ping_status":"open","sticky":false,"template":"","format":"standard","meta":{"footnotes":""},"categories":[1],"tags":[],"class_list":["post-8290","post","type-post","status-publish","format-standard","hentry","category-serie-b"],"_links":{"self":[{"href":"http:\/\/www.asdcastelvecchio.it\/home\/wp-json\/wp\/v2\/posts\/8290","targetHints":{"allow":["GET"]}}],"collection":[{"href":"http:\/\/www.asdcastelvecchio.it\/home\/wp-json\/wp\/v2\/posts"}],"about":[{"href":"http:\/\/www.asdcastelvecchio.it\/home\/wp-json\/wp\/v2\/types\/post"}],"author":[{"embeddable":true,"href":"http:\/\/www.asdcastelvecchio.it\/home\/wp-json\/wp\/v2\/users\/3"}],"replies":[{"embeddable":true,"href":"http:\/\/www.asdcastelvecchio.it\/home\/wp-json\/wp\/v2\/comments?post=8290"}],"version-history":[{"count":1,"href":"http:\/\/www.asdcastelvecchio.it\/home\/wp-json\/wp\/v2\/posts\/8290\/revisions"}],"predecessor-version":[{"id":8292,"href":"http:\/\/www.asdcastelvecchio.it\/home\/wp-json\/wp\/v2\/posts\/8290\/revisions\/8292"}],"wp:attachment":[{"href":"http:\/\/www.asdcastelvecchio.it\/home\/wp-json\/wp\/v2\/media?parent=8290"}],"wp:term":[{"taxonomy":"category","embeddable":true,"href":"http:\/\/www.asdcastelvecchio.it\/home\/wp-json\/wp\/v2\/categories?post=8290"},{"taxonomy":"post_tag","embeddable":true,"href":"http:\/\/www.asdcastelvecchio.it\/home\/wp-json\/wp\/v2\/tags?post=8290"}],"curies":[{"name":"wp","href":"https:\/\/api.w.org\/{rel}","templated":true}]}}