{"id":8266,"date":"2022-06-28T16:14:04","date_gmt":"2022-06-28T14:14:04","guid":{"rendered":"http:\/\/www.asdcastelvecchio.it\/home\/?p=8266"},"modified":"2022-06-28T16:14:05","modified_gmt":"2022-06-28T14:14:05","slug":"ufficiale-il-rinnovo-di-sara-pastore","status":"publish","type":"post","link":"http:\/\/www.asdcastelvecchio.it\/home\/2022\/06\/28\/ufficiale-il-rinnovo-di-sara-pastore\/","title":{"rendered":"Ufficiale il rinnovo di Sara Pastore"},"content":{"rendered":"\n<p>Il Cesena FC annuncia di aver raggiunto un importante rinnovo della difesa Bianconera. La calciatrice Sara PASTORE, pilastro indiscusso della difesa Romagnola ormai da un po&#8217; di anni, continua la sua avventura con la Societ\u00e0 Cesenate. La dirigenza tutta, esprime soddisfazione per questa operazione, che conferma la volont\u00e0 della societ\u00e0 per effettuare un campionato di qualit\u00e0. <\/p>\n\n\n\n<p>Cesena 28.06.2022 Franco Scolozzi Addetto Stampa Cesena FC Femminile<\/p>\n","protected":false},"excerpt":{"rendered":"<p>Il Cesena FC annuncia di aver raggiunto un importante rinnovo della difesa Bianconera. La calciatrice Sara PASTORE, pilastro indiscusso della difesa Romagnola ormai da un po&#8217; di anni, continua la sua avventura con la Societ\u00e0 Cesenate. La dirigenza tutta, esprime soddisfazione per questa operazione, che conferma la volont\u00e0 della societ\u00e0 per effettuare un campionato di&hellip; <br \/> <a class=\"read-more\" href=\"http:\/\/www.asdcastelvecchio.it\/home\/2022\/06\/28\/ufficiale-il-rinnovo-di-sara-pastore\/\">Read more<\/a><\/p>\n","protected":false},"author":3,"featured_media":8267,"comment_status":"open","ping_status":"open","sticky":false,"template":"","format":"standard","meta":{"footnotes":""},"categories":[1],"tags":[],"class_list":["post-8266","post","type-post","status-publish","format-standard","has-post-thumbnail","hentry","category-serie-b"],"_links":{"self":[{"href":"http:\/\/www.asdcastelvecchio.it\/home\/wp-json\/wp\/v2\/posts\/8266","targetHints":{"allow":["GET"]}}],"collection":[{"href":"http:\/\/www.asdcastelvecchio.it\/home\/wp-json\/wp\/v2\/posts"}],"about":[{"href":"http:\/\/www.asdcastelvecchio.it\/home\/wp-json\/wp\/v2\/types\/post"}],"author":[{"embeddable":true,"href":"http:\/\/www.asdcastelvecchio.it\/home\/wp-json\/wp\/v2\/users\/3"}],"replies":[{"embeddable":true,"href":"http:\/\/www.asdcastelvecchio.it\/home\/wp-json\/wp\/v2\/comments?post=8266"}],"version-history":[{"count":1,"href":"http:\/\/www.asdcastelvecchio.it\/home\/wp-json\/wp\/v2\/posts\/8266\/revisions"}],"predecessor-version":[{"id":8268,"href":"http:\/\/www.asdcastelvecchio.it\/home\/wp-json\/wp\/v2\/posts\/8266\/revisions\/8268"}],"wp:featuredmedia":[{"embeddable":true,"href":"http:\/\/www.asdcastelvecchio.it\/home\/wp-json\/wp\/v2\/media\/8267"}],"wp:attachment":[{"href":"http:\/\/www.asdcastelvecchio.it\/home\/wp-json\/wp\/v2\/media?parent=8266"}],"wp:term":[{"taxonomy":"category","embeddable":true,"href":"http:\/\/www.asdcastelvecchio.it\/home\/wp-json\/wp\/v2\/categories?post=8266"},{"taxonomy":"post_tag","embeddable":true,"href":"http:\/\/www.asdcastelvecchio.it\/home\/wp-json\/wp\/v2\/tags?post=8266"}],"curies":[{"name":"wp","href":"https:\/\/api.w.org\/{rel}","templated":true}]}}