{"id":8106,"date":"2022-04-28T13:14:49","date_gmt":"2022-04-28T11:14:49","guid":{"rendered":"http:\/\/www.asdcastelvecchio.it\/home\/?p=8106"},"modified":"2022-04-28T13:14:50","modified_gmt":"2022-04-28T11:14:50","slug":"nota-del-club","status":"publish","type":"post","link":"http:\/\/www.asdcastelvecchio.it\/home\/2022\/04\/28\/nota-del-club\/","title":{"rendered":"Nota del Club"},"content":{"rendered":"\n<p>Il Cesena FC Femminile ha deciso di fare la propria parte nell\u2019aiutare i rifugiati ucraini nel territorio. Per questo motivo ha accolto e tesserato due sorelline, Viktoria e Arina, che vestiranno i colori bianconeri.<br>Viktoria, classe 2009, far\u00e0 parte dell\u2019Under 12; Arina, classe 2012, si aggregher\u00e0 al gruppo della Scuola Calcio cesenate.<br>Il DS Elvio Sanna ha commentato cos\u00ec la decisione della Societ\u00e0:<br>\u201cRitengo sia assolutamente un dovere per strutture come le nostre, rendersi disponibile ad accogliere, ospitare e regalare un sorriso a chi, non per sua scelta, \u00e8 stato meno fortunato. Siamo orgogliosi, onorati e felici di contribuire a rendere la loro permanenza nel nostro Paese un\u2019esperienza unica, offrendo loro affetto, sorriso e momenti indimenticabili. Viktoria e Arina hanno ancora gli occhi pieni di meraviglia e stupore &#8211; riferisce Sanna &#8211; non smettono un attimo di parlare, raccontare e ripensare a quanto hanno visto e condiviso nella partita allo Stadio Manuzzi dove la nostra prima squadra ha giocato domenica scorsa. Proprio qui sono state accolte a fine gara da tutte le nostre ragazze tra gli scroscianti applausi degli spettatori presenti. Colgo l&#8217;occasione di ringraziare<br>tutto lo staff dell&#8217;Orogel Stadium per averci accolto a braccia aperte e aiutato a costruire per queste due bimbe un altro prezioso ricordo da conservare gelosamente in un angolino del loro cuore e da poter \u201crivivere\u201d con un sorriso quando si sentiranno un po\u2019 tristi o in difficolt\u00e0 in futuro.\u201d<br>In bocca al lupo a Viktoria e Alina e benvenute a Cesena !<\/p>\n","protected":false},"excerpt":{"rendered":"<p>Il Cesena FC Femminile ha deciso di fare la propria parte nell\u2019aiutare i rifugiati ucraini nel territorio. Per questo motivo ha accolto e tesserato due sorelline, Viktoria e Arina, che vestiranno i colori bianconeri.Viktoria, classe 2009, far\u00e0 parte dell\u2019Under 12; Arina, classe 2012, si aggregher\u00e0 al gruppo della Scuola Calcio cesenate.Il DS Elvio Sanna ha&hellip; <br \/> <a class=\"read-more\" href=\"http:\/\/www.asdcastelvecchio.it\/home\/2022\/04\/28\/nota-del-club\/\">Read more<\/a><\/p>\n","protected":false},"author":3,"featured_media":0,"comment_status":"open","ping_status":"open","sticky":false,"template":"","format":"standard","meta":{"footnotes":""},"categories":[1],"tags":[],"class_list":["post-8106","post","type-post","status-publish","format-standard","hentry","category-serie-b"],"_links":{"self":[{"href":"http:\/\/www.asdcastelvecchio.it\/home\/wp-json\/wp\/v2\/posts\/8106","targetHints":{"allow":["GET"]}}],"collection":[{"href":"http:\/\/www.asdcastelvecchio.it\/home\/wp-json\/wp\/v2\/posts"}],"about":[{"href":"http:\/\/www.asdcastelvecchio.it\/home\/wp-json\/wp\/v2\/types\/post"}],"author":[{"embeddable":true,"href":"http:\/\/www.asdcastelvecchio.it\/home\/wp-json\/wp\/v2\/users\/3"}],"replies":[{"embeddable":true,"href":"http:\/\/www.asdcastelvecchio.it\/home\/wp-json\/wp\/v2\/comments?post=8106"}],"version-history":[{"count":1,"href":"http:\/\/www.asdcastelvecchio.it\/home\/wp-json\/wp\/v2\/posts\/8106\/revisions"}],"predecessor-version":[{"id":8108,"href":"http:\/\/www.asdcastelvecchio.it\/home\/wp-json\/wp\/v2\/posts\/8106\/revisions\/8108"}],"wp:attachment":[{"href":"http:\/\/www.asdcastelvecchio.it\/home\/wp-json\/wp\/v2\/media?parent=8106"}],"wp:term":[{"taxonomy":"category","embeddable":true,"href":"http:\/\/www.asdcastelvecchio.it\/home\/wp-json\/wp\/v2\/categories?post=8106"},{"taxonomy":"post_tag","embeddable":true,"href":"http:\/\/www.asdcastelvecchio.it\/home\/wp-json\/wp\/v2\/tags?post=8106"}],"curies":[{"name":"wp","href":"https:\/\/api.w.org\/{rel}","templated":true}]}}