{"id":7234,"date":"2022-02-01T16:23:38","date_gmt":"2022-02-01T15:23:38","guid":{"rendered":"http:\/\/www.asdcastelvecchio.it\/home\/?p=7234"},"modified":"2022-02-01T16:23:40","modified_gmt":"2022-02-01T15:23:40","slug":"nota-del-club-su-montes-de-oca","status":"publish","type":"post","link":"http:\/\/www.asdcastelvecchio.it\/home\/2022\/02\/01\/nota-del-club-su-montes-de-oca\/","title":{"rendered":"Nota del club su Montes De Oca"},"content":{"rendered":"\n<p>Il CESENA FC Femminile comunica di aver raggiunto un accordo con la calciatrice <strong>Estibaliz Alejandra Munoz MONTES DE OCA<\/strong>, la quale per motivi personali e di natura medica \u00e8 tornata a casa, in Svezia per poter effettuare controlli pi\u00f9 approfonditi.<\/p>\n\n\n\n<p>La calciatrice ha lasciato il gruppo e non disputer\u00e0 la seconda parte del Campionato Nazionale di serie B 2021-2022.<\/p>\n\n\n\n<p>A Lei vanno i pi\u00f9 sinceri AUGURI di pronta guarigione da parte di tutte le ragazze, lo staff Tecnico e della Societ\u00e0, oltre a un infinito ringraziamento per l\u2019impegno, la dedizione, la seriet\u00e0, mostrata nello spogliatoio come in campo.<\/p>\n\n\n\n<p>Ciao Esti ci mancher\u00e0 tanto il tuo bel sorriso.<\/p>\n\n\n\n\n\n<p><strong><em><u>Estibaliz Alejandra Munoz MONTES DE OCA<\/u><\/em><\/strong><\/p>\n\n\n\n<p>Cesena 01.02.2022<\/p>\n\n\n\n<p>Franco Scolozzi Addetto Stampa Cesena FC Femminile<\/p>\n","protected":false},"excerpt":{"rendered":"<p>Il CESENA FC Femminile comunica di aver raggiunto un accordo con la calciatrice Estibaliz Alejandra Munoz MONTES DE OCA, la quale per motivi personali e di natura medica \u00e8 tornata a casa, in Svezia per poter effettuare controlli pi\u00f9 approfonditi. La calciatrice ha lasciato il gruppo e non disputer\u00e0 la seconda parte del Campionato Nazionale&hellip; <br \/> <a class=\"read-more\" href=\"http:\/\/www.asdcastelvecchio.it\/home\/2022\/02\/01\/nota-del-club-su-montes-de-oca\/\">Read more<\/a><\/p>\n","protected":false},"author":3,"featured_media":0,"comment_status":"open","ping_status":"open","sticky":false,"template":"","format":"standard","meta":{"footnotes":""},"categories":[1],"tags":[],"class_list":["post-7234","post","type-post","status-publish","format-standard","hentry","category-serie-b"],"_links":{"self":[{"href":"http:\/\/www.asdcastelvecchio.it\/home\/wp-json\/wp\/v2\/posts\/7234","targetHints":{"allow":["GET"]}}],"collection":[{"href":"http:\/\/www.asdcastelvecchio.it\/home\/wp-json\/wp\/v2\/posts"}],"about":[{"href":"http:\/\/www.asdcastelvecchio.it\/home\/wp-json\/wp\/v2\/types\/post"}],"author":[{"embeddable":true,"href":"http:\/\/www.asdcastelvecchio.it\/home\/wp-json\/wp\/v2\/users\/3"}],"replies":[{"embeddable":true,"href":"http:\/\/www.asdcastelvecchio.it\/home\/wp-json\/wp\/v2\/comments?post=7234"}],"version-history":[{"count":1,"href":"http:\/\/www.asdcastelvecchio.it\/home\/wp-json\/wp\/v2\/posts\/7234\/revisions"}],"predecessor-version":[{"id":7235,"href":"http:\/\/www.asdcastelvecchio.it\/home\/wp-json\/wp\/v2\/posts\/7234\/revisions\/7235"}],"wp:attachment":[{"href":"http:\/\/www.asdcastelvecchio.it\/home\/wp-json\/wp\/v2\/media?parent=7234"}],"wp:term":[{"taxonomy":"category","embeddable":true,"href":"http:\/\/www.asdcastelvecchio.it\/home\/wp-json\/wp\/v2\/categories?post=7234"},{"taxonomy":"post_tag","embeddable":true,"href":"http:\/\/www.asdcastelvecchio.it\/home\/wp-json\/wp\/v2\/tags?post=7234"}],"curies":[{"name":"wp","href":"https:\/\/api.w.org\/{rel}","templated":true}]}}