{"id":6299,"date":"2021-08-02T09:50:07","date_gmt":"2021-08-02T07:50:07","guid":{"rendered":"http:\/\/www.asdcastelvecchio.it\/home\/?p=6299"},"modified":"2021-08-02T09:50:08","modified_gmt":"2021-08-02T07:50:08","slug":"ufficiale-larrivo-di-eleonora-galli","status":"publish","type":"post","link":"http:\/\/www.asdcastelvecchio.it\/home\/2021\/08\/02\/ufficiale-larrivo-di-eleonora-galli\/","title":{"rendered":"Ufficiale l&#8217;arrivo di Eleonora Galli"},"content":{"rendered":"\n<p>Il Cesena FC Femminile mette a segno l\u2019ultimo colpo di mercato, grande soddisfazione da parte del Direttore Sportivo Elvio Sanna: \u201cda oggi&nbsp;<strong>Eleonora Galli<\/strong>, classe 2002, \u00e8 una giocatrice Bianconera\u201d. &nbsp;<\/p>\n\n\n\n<p>Arriva in prestito la forte attaccante Eleonora GALLI, classe 2002 di Alzano Lombardo, cartellino di propriet\u00e0 dell\u2019Internazionale, proveniente dal sodalizio nerazzurro, Eleonora \u00e8 un attaccante mancino completo, potenza, tecnica e velocit\u00e0.<\/p>\n\n\n\n<p>Dopo aver militato nel Brescia prima e nell\u2019Atalanta poi, ha raggiunto anche la convocazione nelle Nazionali Giovanili, lo scorso campionato era in prestito in serie B con all\u2019Orobica Bergamo.<\/p>\n\n\n\n<p>Le prime parole da bianconera di Eleonora GALLI:\u201d sono molto contenta di questa nuova esperienza, ringrazio il Ds Elvio Sanna e la societ\u00e0 per questa opportunit\u00e0. Cesena \u00e8 una&nbsp;citt\u00e0 importante per cultura e tradizione calcistica e sono molto orgogliosa di indossare questa maglia; non vedo l\u2019ora di mettermi a disposizione del mister e della squadra e dare il massimo per ripagare la fiducia che mi \u00e8 stata accordata\u201d.<\/p>\n\n\n\n<p>Dopo Vivirito, Mancuso, Franco, Pinna, Costa e Frigotto ecco Eleonora GALLI, si conclude qui l\u2019ottimo lavoro effettuato dal Direttore Elvio SANNA, che ha messo a disposizione del Mister Roberto ROSSI ragazze di sicuro valore per poter affrontare al meglio il prossimo campionato Nazionale di serie B.<\/p>\n\n\n\n<p>Benvenuta Eleonora.&nbsp;&nbsp;&nbsp;&nbsp;&nbsp;&nbsp;&nbsp;&nbsp;&nbsp;&nbsp;&nbsp;&nbsp;&nbsp;&nbsp;&nbsp;<\/p>\n\n\n\n<p>Cesena 30.07.2021<\/p>\n\n\n\n<p>Franco Scolozzi Addetto Stampa Cesena FC Femminile<\/p>\n","protected":false},"excerpt":{"rendered":"<p>Il Cesena FC Femminile mette a segno l\u2019ultimo colpo di mercato, grande soddisfazione da parte del Direttore Sportivo Elvio Sanna: \u201cda oggi&nbsp;Eleonora Galli, classe 2002, \u00e8 una giocatrice Bianconera\u201d. &nbsp; Arriva in prestito la forte attaccante Eleonora GALLI, classe 2002 di Alzano Lombardo, cartellino di propriet\u00e0 dell\u2019Internazionale, proveniente dal sodalizio nerazzurro, Eleonora \u00e8 un attaccante&hellip; <br \/> <a class=\"read-more\" href=\"http:\/\/www.asdcastelvecchio.it\/home\/2021\/08\/02\/ufficiale-larrivo-di-eleonora-galli\/\">Read more<\/a><\/p>\n","protected":false},"author":3,"featured_media":0,"comment_status":"open","ping_status":"open","sticky":false,"template":"","format":"standard","meta":{"footnotes":""},"categories":[1],"tags":[],"class_list":["post-6299","post","type-post","status-publish","format-standard","hentry","category-serie-b"],"_links":{"self":[{"href":"http:\/\/www.asdcastelvecchio.it\/home\/wp-json\/wp\/v2\/posts\/6299","targetHints":{"allow":["GET"]}}],"collection":[{"href":"http:\/\/www.asdcastelvecchio.it\/home\/wp-json\/wp\/v2\/posts"}],"about":[{"href":"http:\/\/www.asdcastelvecchio.it\/home\/wp-json\/wp\/v2\/types\/post"}],"author":[{"embeddable":true,"href":"http:\/\/www.asdcastelvecchio.it\/home\/wp-json\/wp\/v2\/users\/3"}],"replies":[{"embeddable":true,"href":"http:\/\/www.asdcastelvecchio.it\/home\/wp-json\/wp\/v2\/comments?post=6299"}],"version-history":[{"count":1,"href":"http:\/\/www.asdcastelvecchio.it\/home\/wp-json\/wp\/v2\/posts\/6299\/revisions"}],"predecessor-version":[{"id":6301,"href":"http:\/\/www.asdcastelvecchio.it\/home\/wp-json\/wp\/v2\/posts\/6299\/revisions\/6301"}],"wp:attachment":[{"href":"http:\/\/www.asdcastelvecchio.it\/home\/wp-json\/wp\/v2\/media?parent=6299"}],"wp:term":[{"taxonomy":"category","embeddable":true,"href":"http:\/\/www.asdcastelvecchio.it\/home\/wp-json\/wp\/v2\/categories?post=6299"},{"taxonomy":"post_tag","embeddable":true,"href":"http:\/\/www.asdcastelvecchio.it\/home\/wp-json\/wp\/v2\/tags?post=6299"}],"curies":[{"name":"wp","href":"https:\/\/api.w.org\/{rel}","templated":true}]}}