{"id":5735,"date":"2021-03-22T17:48:25","date_gmt":"2021-03-22T16:48:25","guid":{"rendered":"http:\/\/www.asdcastelvecchio.it\/home\/?p=5735"},"modified":"2021-03-22T17:48:30","modified_gmt":"2021-03-22T16:48:30","slug":"pima-squadra-e-primavera-ecco-il-programma-della-settimana","status":"publish","type":"post","link":"http:\/\/www.asdcastelvecchio.it\/home\/2021\/03\/22\/pima-squadra-e-primavera-ecco-il-programma-della-settimana\/","title":{"rendered":"Pima squadra e Primavera: ecco il programma della settimana"},"content":{"rendered":"\n<p>La prima squadra si prepara a tornare in campo dopo il weeekend di stop dell&#8217;ultimo turno. Da domani sera le ragazze ricominceranno gli allenamenti al centro sportivo di Martorano, mentre domenica alle 14.30 \u00e8 in programma la partita di campionato contro il Tavagnacco.<\/p>\n\n\n\n<p>Settimana di lavoro anche per la Primavera, che ieri \u00e8 scesa in campo contro la Florentia. Allenamenti marted\u00ec, gioved\u00ec e venerd\u00ec, mentre domenica sar\u00e0 l&#8217;Empoli a fare visita alle bianconere.<\/p>\n","protected":false},"excerpt":{"rendered":"<p>La prima squadra si prepara a tornare in campo dopo il weeekend di stop dell&#8217;ultimo turno. Da domani sera le ragazze ricominceranno gli allenamenti al centro sportivo di Martorano, mentre domenica alle 14.30 \u00e8 in programma la partita di campionato contro il Tavagnacco. Settimana di lavoro anche per la Primavera, che ieri \u00e8 scesa in&hellip; <br \/> <a class=\"read-more\" href=\"http:\/\/www.asdcastelvecchio.it\/home\/2021\/03\/22\/pima-squadra-e-primavera-ecco-il-programma-della-settimana\/\">Read more<\/a><\/p>\n","protected":false},"author":3,"featured_media":0,"comment_status":"open","ping_status":"open","sticky":false,"template":"","format":"standard","meta":{"footnotes":""},"categories":[1],"tags":[],"class_list":["post-5735","post","type-post","status-publish","format-standard","hentry","category-serie-b"],"_links":{"self":[{"href":"http:\/\/www.asdcastelvecchio.it\/home\/wp-json\/wp\/v2\/posts\/5735","targetHints":{"allow":["GET"]}}],"collection":[{"href":"http:\/\/www.asdcastelvecchio.it\/home\/wp-json\/wp\/v2\/posts"}],"about":[{"href":"http:\/\/www.asdcastelvecchio.it\/home\/wp-json\/wp\/v2\/types\/post"}],"author":[{"embeddable":true,"href":"http:\/\/www.asdcastelvecchio.it\/home\/wp-json\/wp\/v2\/users\/3"}],"replies":[{"embeddable":true,"href":"http:\/\/www.asdcastelvecchio.it\/home\/wp-json\/wp\/v2\/comments?post=5735"}],"version-history":[{"count":1,"href":"http:\/\/www.asdcastelvecchio.it\/home\/wp-json\/wp\/v2\/posts\/5735\/revisions"}],"predecessor-version":[{"id":5736,"href":"http:\/\/www.asdcastelvecchio.it\/home\/wp-json\/wp\/v2\/posts\/5735\/revisions\/5736"}],"wp:attachment":[{"href":"http:\/\/www.asdcastelvecchio.it\/home\/wp-json\/wp\/v2\/media?parent=5735"}],"wp:term":[{"taxonomy":"category","embeddable":true,"href":"http:\/\/www.asdcastelvecchio.it\/home\/wp-json\/wp\/v2\/categories?post=5735"},{"taxonomy":"post_tag","embeddable":true,"href":"http:\/\/www.asdcastelvecchio.it\/home\/wp-json\/wp\/v2\/tags?post=5735"}],"curies":[{"name":"wp","href":"https:\/\/api.w.org\/{rel}","templated":true}]}}