{"id":5731,"date":"2021-03-18T16:29:03","date_gmt":"2021-03-18T15:29:03","guid":{"rendered":"http:\/\/www.asdcastelvecchio.it\/home\/?p=5731"},"modified":"2021-03-18T16:29:04","modified_gmt":"2021-03-18T15:29:04","slug":"montes-de-oca-primo-gol-col-cesena-il-commento","status":"publish","type":"post","link":"http:\/\/www.asdcastelvecchio.it\/home\/2021\/03\/18\/montes-de-oca-primo-gol-col-cesena-il-commento\/","title":{"rendered":"Montes De Oca, primo gol col Cesena: il commento"},"content":{"rendered":"\n<p>Tra le protagoniste del pareggio del Cesena di domenica scorsa a Formello di Roma contro la Lazio, senza ombra di dubbio, figura il nome di Estibaliz Montes De Oca.<\/p>\n\n\n\n<p>La giovane calciatrice svedese contro le romane ha dimostrato le sue importanti doti tecniche sfoderando una bellissima prestazione ed effettuando il suo primo gol con la nuova maglia.<\/p>\n\n\n\n<p>La calciatrice Cesenate a fine gara ha commentato l\u2019incontro: \u201c sono molto contenta per la prima rete, scaturita da calcio d\u2019angolo soprattutto perch\u00e9 \u00e8 servita alla squadra per conquistare il meritato pareggio. Proviamo questi movimenti di calcio d\u2019angolo in allenamento, Mister Rossi vuole che andiamo a chiudere questo tipo di situazioni con il tiro per evitare la ripartenza degli avversari, ho provato tante volte ma questa volta devo dire che \u00e8 riuscito proprio bene e sono contenta che sia successo oggi in una partita molto difficile.<\/p>\n\n\n\n<p>Siamo lass\u00f9 in classifica e vorremmo rimanerci il pi\u00f9 a lungo possibile e sono sicura che con la maglia del Cesena, insieme alle mie fantastiche compagne sapr\u00f2 togliermi grosse soddisfazioni.<\/p>\n\n\n\n<p>Grazie Cavalluccio.<\/p>\n\n\n\n<p>Cesena 18.03.2021<\/p>\n\n\n\n<p>Franco Scolozzi Addetto Stampa Cesena FC Femminile<\/p>\n","protected":false},"excerpt":{"rendered":"<p>Tra le protagoniste del pareggio del Cesena di domenica scorsa a Formello di Roma contro la Lazio, senza ombra di dubbio, figura il nome di Estibaliz Montes De Oca. La giovane calciatrice svedese contro le romane ha dimostrato le sue importanti doti tecniche sfoderando una bellissima prestazione ed effettuando il suo primo gol con la&hellip; <br \/> <a class=\"read-more\" href=\"http:\/\/www.asdcastelvecchio.it\/home\/2021\/03\/18\/montes-de-oca-primo-gol-col-cesena-il-commento\/\">Read more<\/a><\/p>\n","protected":false},"author":3,"featured_media":0,"comment_status":"open","ping_status":"open","sticky":false,"template":"","format":"standard","meta":{"footnotes":""},"categories":[1],"tags":[],"class_list":["post-5731","post","type-post","status-publish","format-standard","hentry","category-serie-b"],"_links":{"self":[{"href":"http:\/\/www.asdcastelvecchio.it\/home\/wp-json\/wp\/v2\/posts\/5731","targetHints":{"allow":["GET"]}}],"collection":[{"href":"http:\/\/www.asdcastelvecchio.it\/home\/wp-json\/wp\/v2\/posts"}],"about":[{"href":"http:\/\/www.asdcastelvecchio.it\/home\/wp-json\/wp\/v2\/types\/post"}],"author":[{"embeddable":true,"href":"http:\/\/www.asdcastelvecchio.it\/home\/wp-json\/wp\/v2\/users\/3"}],"replies":[{"embeddable":true,"href":"http:\/\/www.asdcastelvecchio.it\/home\/wp-json\/wp\/v2\/comments?post=5731"}],"version-history":[{"count":1,"href":"http:\/\/www.asdcastelvecchio.it\/home\/wp-json\/wp\/v2\/posts\/5731\/revisions"}],"predecessor-version":[{"id":5733,"href":"http:\/\/www.asdcastelvecchio.it\/home\/wp-json\/wp\/v2\/posts\/5731\/revisions\/5733"}],"wp:attachment":[{"href":"http:\/\/www.asdcastelvecchio.it\/home\/wp-json\/wp\/v2\/media?parent=5731"}],"wp:term":[{"taxonomy":"category","embeddable":true,"href":"http:\/\/www.asdcastelvecchio.it\/home\/wp-json\/wp\/v2\/categories?post=5731"},{"taxonomy":"post_tag","embeddable":true,"href":"http:\/\/www.asdcastelvecchio.it\/home\/wp-json\/wp\/v2\/tags?post=5731"}],"curies":[{"name":"wp","href":"https:\/\/api.w.org\/{rel}","templated":true}]}}