{"id":4859,"date":"2020-11-10T11:06:13","date_gmt":"2020-11-10T10:06:13","guid":{"rendered":"http:\/\/www.asdcastelvecchio.it\/home\/?p=4859"},"modified":"2020-11-10T11:06:21","modified_gmt":"2020-11-10T10:06:21","slug":"coppa-italia-fissata-la-data-per-il-recupero-di-cesena-milan","status":"publish","type":"post","link":"http:\/\/www.asdcastelvecchio.it\/home\/2020\/11\/10\/coppa-italia-fissata-la-data-per-il-recupero-di-cesena-milan\/","title":{"rendered":"Coppa Italia: fissata la data per il recupero di Cesena-Milan"},"content":{"rendered":"\n<p>Il recupero della partita tra Cesena FC e Milan, valida per il secondo turno di Coppa Italia, \u00e8 stato fissato per gioved\u00ec 19 novembre alle ore 14:30. La partita si disputer\u00e0, come originariamente in programma, al centro di sportivo di Martorano. <\/p>\n","protected":false},"excerpt":{"rendered":"<p>Il recupero della partita tra Cesena FC e Milan, valida per il secondo turno di Coppa Italia, \u00e8 stato fissato per gioved\u00ec 19 novembre alle ore 14:30. La partita si disputer\u00e0, come originariamente in programma, al centro di sportivo di Martorano.<\/p>\n","protected":false},"author":1,"featured_media":0,"comment_status":"open","ping_status":"open","sticky":false,"template":"","format":"standard","meta":{"footnotes":""},"categories":[1],"tags":[],"class_list":["post-4859","post","type-post","status-publish","format-standard","hentry","category-serie-b"],"_links":{"self":[{"href":"http:\/\/www.asdcastelvecchio.it\/home\/wp-json\/wp\/v2\/posts\/4859","targetHints":{"allow":["GET"]}}],"collection":[{"href":"http:\/\/www.asdcastelvecchio.it\/home\/wp-json\/wp\/v2\/posts"}],"about":[{"href":"http:\/\/www.asdcastelvecchio.it\/home\/wp-json\/wp\/v2\/types\/post"}],"author":[{"embeddable":true,"href":"http:\/\/www.asdcastelvecchio.it\/home\/wp-json\/wp\/v2\/users\/1"}],"replies":[{"embeddable":true,"href":"http:\/\/www.asdcastelvecchio.it\/home\/wp-json\/wp\/v2\/comments?post=4859"}],"version-history":[{"count":1,"href":"http:\/\/www.asdcastelvecchio.it\/home\/wp-json\/wp\/v2\/posts\/4859\/revisions"}],"predecessor-version":[{"id":4861,"href":"http:\/\/www.asdcastelvecchio.it\/home\/wp-json\/wp\/v2\/posts\/4859\/revisions\/4861"}],"wp:attachment":[{"href":"http:\/\/www.asdcastelvecchio.it\/home\/wp-json\/wp\/v2\/media?parent=4859"}],"wp:term":[{"taxonomy":"category","embeddable":true,"href":"http:\/\/www.asdcastelvecchio.it\/home\/wp-json\/wp\/v2\/categories?post=4859"},{"taxonomy":"post_tag","embeddable":true,"href":"http:\/\/www.asdcastelvecchio.it\/home\/wp-json\/wp\/v2\/tags?post=4859"}],"curies":[{"name":"wp","href":"https:\/\/api.w.org\/{rel}","templated":true}]}}