{"id":3692,"date":"2019-08-05T07:24:12","date_gmt":"2019-08-05T05:24:12","guid":{"rendered":"http:\/\/www.asdcastelvecchio.it\/home\/?p=3692"},"modified":"2019-08-05T07:24:15","modified_gmt":"2019-08-05T05:24:15","slug":"01-08-2019-acquisti-cama-e-oliva","status":"publish","type":"post","link":"http:\/\/www.asdcastelvecchio.it\/home\/2019\/08\/05\/01-08-2019-acquisti-cama-e-oliva\/","title":{"rendered":"01-08-2019 Acquisti Cama e Oliva"},"content":{"rendered":"\n<figure class=\"wp-block-image is-resized\"><img decoding=\"async\" src=\"http:\/\/www.asdcastelvecchio.it\/wp-content\/uploads\/2018\/12\/Logo-CESENA-FC.jpg\" alt=\"CESENA Fc vs SAN MARINO\" class=\"wp-image-68\" width=\"166\" height=\"207\" srcset=\"http:\/\/www.asdcastelvecchio.it\/wp-content\/uploads\/2018\/12\/Logo-CESENA-FC.jpg 669w, http:\/\/www.asdcastelvecchio.it\/wp-content\/uploads\/2018\/12\/Logo-CESENA-FC-240x300.jpg 240w\" sizes=\"(max-width: 166px) 100vw, 166px\" \/><\/figure>\n\n\n\n<p><strong><em>COLPO GROSSO DEL CESENA FC FEMMINILE<\/em><\/strong><\/p>\n\n\n\n<p><strong><em>&nbsp;ARRIVANO IL BOMBER\nALICE CAMA E IL DIFENSORE CENTRALE ELEONORA OLIVA<\/em><\/strong><\/p>\n\n\n\n<p>La societ\u00e0 Cesena FC\nFemminile, comunica di aver concluso positivamente la trattativa per l\u2019ingaggio\ndel Bomber Alice CAMA e del difensore Eleonora OLIVA.<\/p>\n\n\n\n<p>L\u2019instancabile\nDirettore Sportivo Elvio SANNA mette a segno i due colpi pi\u00f9 attesi del mercato\nbianconero.<\/p>\n\n\n\n<p>Le calciatrici hanno\ndisputato l\u2019ultima stagione con la maglia del Genoa e arrivano a parametro zero\nessendosi svincolate dalla societ\u00e0 ligure, vanno cos\u00ec a completare la rosa del\nCavalluccio per la prossima stagione che sar\u00e0 impegnata in un campionato molto\ncompetitivo.<\/p>\n\n\n\n<p>Il commento del\nBomber Alice CAMA (tra le sue ex squadre Milan, Riviera di Romagna,\nInternazionale e Cuneo): \u201c Voglio ringraziare il Cesena, una piazza che si sta\nrivelando molto importante anche per il calcio femminile, ora per me inizia una\nnuova sfida, in un ambiente affascinante, spero di ripagare la fiducia; ho\nscelto il progetto, la lealt\u00e0, la seriet\u00e0 ma soprattutto il gruppo. Un grosso\nin bocca al lupo a me, alle mie nuove compagne e alla societ\u00e0\u201d!!<\/p>\n\n\n\n<p>La ventenne Eleonora\nOLIVA strafelice per questa nuova avventura a Cesena, dichiara: \u201c E\u2019 una chance\nimportante, per questo motivo devo ringraziare la societ\u00e0 per la fiducia\naccordatami. Adesso per\u00f2, ci\u00f2 che pi\u00f9 mi preme \u00e8 il presente, sfruttare le mie\ndoti e metterle al servizio del gruppo con applicazione e umilt\u00e0\u201d.<\/p>\n\n\n\n<p>Soddisfatto il\nDirettore Sanna che commenta: \u201c La CAMA era uno dei nostri obiettivi primari\nper rinforzare l\u2019attacco e non vi nascondo che aveva tante squadre alle spalle,\nsoprattutto di serie A, ma ha accettato il nostro progetto e questo ci fa molto\npiacere e ci riempie d\u2019orgoglio. OLIVA nonostante la giovane et\u00e0 \u00e8 stata una\nrivelazione nel suo ruolo nel campionato di serie B appena concluso, ci dar\u00e0\nuna grande mano nel prossimo campionato.<\/p>\n\n\n\n<p>Contento anche il\npresidente Magnani \u201c abbiamo messo a disposizione del Mister Roberto ROSSI\nquello che ci ha chiesto per poter rinforzare la rosa, adesso avanti tutta!!<\/p>\n\n\n\n<p>Cesena 01 Agosto\n2019<\/p>\n\n\n\n<p>Franco Scolozzi\nAddetto stampa Cesena FC Femminile<\/p>\n","protected":false},"excerpt":{"rendered":"<p>COLPO GROSSO DEL CESENA FC FEMMINILE &nbsp;ARRIVANO IL BOMBER ALICE CAMA E IL DIFENSORE CENTRALE ELEONORA OLIVA La societ\u00e0 Cesena FC Femminile, comunica di aver concluso positivamente la trattativa per l\u2019ingaggio del Bomber Alice CAMA e del difensore Eleonora OLIVA. L\u2019instancabile Direttore Sportivo Elvio SANNA mette a segno i due colpi pi\u00f9 attesi del mercato&hellip; <br \/> <a class=\"read-more\" href=\"http:\/\/www.asdcastelvecchio.it\/home\/2019\/08\/05\/01-08-2019-acquisti-cama-e-oliva\/\">Read more<\/a><\/p>\n","protected":false},"author":2,"featured_media":0,"comment_status":"open","ping_status":"open","sticky":false,"template":"","format":"standard","meta":{"footnotes":""},"categories":[1],"tags":[],"class_list":["post-3692","post","type-post","status-publish","format-standard","hentry","category-serie-b"],"_links":{"self":[{"href":"http:\/\/www.asdcastelvecchio.it\/home\/wp-json\/wp\/v2\/posts\/3692","targetHints":{"allow":["GET"]}}],"collection":[{"href":"http:\/\/www.asdcastelvecchio.it\/home\/wp-json\/wp\/v2\/posts"}],"about":[{"href":"http:\/\/www.asdcastelvecchio.it\/home\/wp-json\/wp\/v2\/types\/post"}],"author":[{"embeddable":true,"href":"http:\/\/www.asdcastelvecchio.it\/home\/wp-json\/wp\/v2\/users\/2"}],"replies":[{"embeddable":true,"href":"http:\/\/www.asdcastelvecchio.it\/home\/wp-json\/wp\/v2\/comments?post=3692"}],"version-history":[{"count":1,"href":"http:\/\/www.asdcastelvecchio.it\/home\/wp-json\/wp\/v2\/posts\/3692\/revisions"}],"predecessor-version":[{"id":3693,"href":"http:\/\/www.asdcastelvecchio.it\/home\/wp-json\/wp\/v2\/posts\/3692\/revisions\/3693"}],"wp:attachment":[{"href":"http:\/\/www.asdcastelvecchio.it\/home\/wp-json\/wp\/v2\/media?parent=3692"}],"wp:term":[{"taxonomy":"category","embeddable":true,"href":"http:\/\/www.asdcastelvecchio.it\/home\/wp-json\/wp\/v2\/categories?post=3692"},{"taxonomy":"post_tag","embeddable":true,"href":"http:\/\/www.asdcastelvecchio.it\/home\/wp-json\/wp\/v2\/tags?post=3692"}],"curies":[{"name":"wp","href":"https:\/\/api.w.org\/{rel}","templated":true}]}}