{"id":11938,"date":"2025-07-21T09:53:55","date_gmt":"2025-07-21T07:53:55","guid":{"rendered":"https:\/\/www.asdcastelvecchio.it\/home\/?p=11938"},"modified":"2025-07-21T09:53:57","modified_gmt":"2025-07-21T07:53:57","slug":"ufficiale-matilde-de-muri-al-cesena","status":"publish","type":"post","link":"http:\/\/www.asdcastelvecchio.it\/home\/2025\/07\/21\/ufficiale-matilde-de-muri-al-cesena\/","title":{"rendered":"Ufficiale: Matilde De Muri al Cesena"},"content":{"rendered":"\n<p>Il Cesena FC Femminile comunica di aver acquisito a titolo definitivo le prestazioni sportive di Matilde De Muri, attaccante classe 2006.<\/p>\n\n\n\n<p>Cresciuta nel settore giovanile del Real Vicenza Women, De Muri si \u00e8 messa in evidenza nella scorsa stagione in Serie C con 17 reti all\u2019attivo, affermandosi come una delle giovani pi\u00f9 interessanti dell&#8217;intero panorama nazionale. Convocata pi\u00f9 volte nella Rappresentativa Nazionale LND, ha partecipato anche alla Viareggio Women\u2019s Cup distinguendosi come miglior marcatrice.<\/p>\n\n\n\n<p>\u201cHo scelto Cesena perch\u00e9 \u00e8 una societ\u00e0 storica, che valorizza le giovani e che fin dal primo istante mi ha trasmesso grande professionalit\u00e0. Essere arrivata fin qui rappresenta un momento davvero speciale per me e per questo ringrazio lo staff per la fiducia e per avermi dato l\u2019opportunit\u00e0 di giocare in Serie B. Sono pronta a dare il massimo per contribuire al successo della squadra\u201d, le prime parole di De Muri in bianconero.<\/p>\n\n\n\n<p>Benvenuta Matilde! \u26aa\u26ab<\/p>\n","protected":false},"excerpt":{"rendered":"<p>Il Cesena FC Femminile comunica di aver acquisito a titolo definitivo le prestazioni sportive di Matilde De Muri, attaccante classe 2006. Cresciuta nel settore giovanile del Real Vicenza Women, De Muri si \u00e8 messa in evidenza nella scorsa stagione in Serie C con 17 reti all\u2019attivo, affermandosi come una delle giovani pi\u00f9 interessanti dell&#8217;intero panorama&hellip; <br \/> <a class=\"read-more\" href=\"http:\/\/www.asdcastelvecchio.it\/home\/2025\/07\/21\/ufficiale-matilde-de-muri-al-cesena\/\">Read more<\/a><\/p>\n","protected":false},"author":3,"featured_media":11939,"comment_status":"closed","ping_status":"open","sticky":false,"template":"","format":"standard","meta":{"footnotes":""},"categories":[1],"tags":[],"class_list":["post-11938","post","type-post","status-publish","format-standard","has-post-thumbnail","hentry","category-serie-b"],"_links":{"self":[{"href":"http:\/\/www.asdcastelvecchio.it\/home\/wp-json\/wp\/v2\/posts\/11938","targetHints":{"allow":["GET"]}}],"collection":[{"href":"http:\/\/www.asdcastelvecchio.it\/home\/wp-json\/wp\/v2\/posts"}],"about":[{"href":"http:\/\/www.asdcastelvecchio.it\/home\/wp-json\/wp\/v2\/types\/post"}],"author":[{"embeddable":true,"href":"http:\/\/www.asdcastelvecchio.it\/home\/wp-json\/wp\/v2\/users\/3"}],"replies":[{"embeddable":true,"href":"http:\/\/www.asdcastelvecchio.it\/home\/wp-json\/wp\/v2\/comments?post=11938"}],"version-history":[{"count":1,"href":"http:\/\/www.asdcastelvecchio.it\/home\/wp-json\/wp\/v2\/posts\/11938\/revisions"}],"predecessor-version":[{"id":11940,"href":"http:\/\/www.asdcastelvecchio.it\/home\/wp-json\/wp\/v2\/posts\/11938\/revisions\/11940"}],"wp:featuredmedia":[{"embeddable":true,"href":"http:\/\/www.asdcastelvecchio.it\/home\/wp-json\/wp\/v2\/media\/11939"}],"wp:attachment":[{"href":"http:\/\/www.asdcastelvecchio.it\/home\/wp-json\/wp\/v2\/media?parent=11938"}],"wp:term":[{"taxonomy":"category","embeddable":true,"href":"http:\/\/www.asdcastelvecchio.it\/home\/wp-json\/wp\/v2\/categories?post=11938"},{"taxonomy":"post_tag","embeddable":true,"href":"http:\/\/www.asdcastelvecchio.it\/home\/wp-json\/wp\/v2\/tags?post=11938"}],"curies":[{"name":"wp","href":"https:\/\/api.w.org\/{rel}","templated":true}]}}