{"id":11932,"date":"2025-07-18T17:29:24","date_gmt":"2025-07-18T15:29:24","guid":{"rendered":"https:\/\/www.asdcastelvecchio.it\/home\/?p=11932"},"modified":"2025-07-18T17:29:29","modified_gmt":"2025-07-18T15:29:29","slug":"ufficiale-caterina-ferin-e-del-cesena","status":"publish","type":"post","link":"http:\/\/www.asdcastelvecchio.it\/home\/2025\/07\/18\/ufficiale-caterina-ferin-e-del-cesena\/","title":{"rendered":"Ufficiale: Caterina Ferin \u00e8 del Cesena"},"content":{"rendered":"\n<p>Il Cesena FC Femminile \u00e8 lieto di annunciare l\u2019ingaggio di Caterina Ferin, attaccante classe 2000, che arriva a titolo definitivo dal Parma.<\/p>\n\n\n\n<p>Nata il 13 febbraio 2000 a San Daniele del Friuli (UD), Ferin \u00e8 cresciuta calcisticamente nelle giovanili del Rivolto, per poi debuttare giovanissima in Serie B con il Pordenone, dove ha messo a segno 9 reti in oltre 30 presenze tra il 2015 e il 2018. Dopo tre stagioni in neroverde, si \u00e8 trasferita al Tavagnacco, dove ha esordito in Serie A e vissuto quattro stagioni importanti, segnando 5 gol nella massima serie e 7 in Serie B, indossando anche la fascia da capitano in diverse occasioni.<\/p>\n\n\n\n<p>Nel 2022 il passaggio al Cittadella, con 10 reti in 28 presenze nel campionato cadetto, prima di approdare al Parma, dove ha militato nelle ultime due stagioni.<\/p>\n\n\n\n<p>Attaccante duttile, dotata di grande determinazione e fiuto del gol, Caterina ha vestito anche le maglie delle selezioni giovanili azzurre, ricevendo convocazioni con l\u2019Under-16 e partecipando a stage con le Under-17, Under-19 e la Nazionale maggiore.<\/p>\n\n\n\n<p>Queste le sue prime parole in bianconero:<\/p>\n\n\n\n<p>\u201cSono davvero felice e grata di iniziare questa nuova avventura con il Cesena. Fin dal primo contatto ho percepito grande seriet\u00e0, entusiasmo e una forte identit\u00e0. Ho scelto Cesena perch\u00e9 sentivo il bisogno di ritrovare stimoli veri, in un ambiente che credesse in me e nel mio percorso. Il progetto mi ha colpito per la sua concretezza e per i valori che trasmette. Arrivo con grande motivazione e con la voglia di rimettermi in gioco: voglio aiutare la squadra, crescere sotto ogni aspetto e ritrovare continuit\u00e0, fiducia e consapevolezza nei miei mezzi. Non vedo l\u2019ora di iniziare.\u201d<br><br>Benvenuta in Romagna Caterina! <br><\/p>\n\n\n\n<p>#DaiBurdeli<\/p>\n","protected":false},"excerpt":{"rendered":"<p>Il Cesena FC Femminile \u00e8 lieto di annunciare l\u2019ingaggio di Caterina Ferin, attaccante classe 2000, che arriva a titolo definitivo dal Parma. Nata il 13 febbraio 2000 a San Daniele del Friuli (UD), Ferin \u00e8 cresciuta calcisticamente nelle giovanili del Rivolto, per poi debuttare giovanissima in Serie B con il Pordenone, dove ha messo a&hellip; <br \/> <a class=\"read-more\" href=\"http:\/\/www.asdcastelvecchio.it\/home\/2025\/07\/18\/ufficiale-caterina-ferin-e-del-cesena\/\">Read more<\/a><\/p>\n","protected":false},"author":3,"featured_media":11933,"comment_status":"closed","ping_status":"open","sticky":false,"template":"","format":"standard","meta":{"footnotes":""},"categories":[1],"tags":[],"class_list":["post-11932","post","type-post","status-publish","format-standard","has-post-thumbnail","hentry","category-serie-b"],"_links":{"self":[{"href":"http:\/\/www.asdcastelvecchio.it\/home\/wp-json\/wp\/v2\/posts\/11932","targetHints":{"allow":["GET"]}}],"collection":[{"href":"http:\/\/www.asdcastelvecchio.it\/home\/wp-json\/wp\/v2\/posts"}],"about":[{"href":"http:\/\/www.asdcastelvecchio.it\/home\/wp-json\/wp\/v2\/types\/post"}],"author":[{"embeddable":true,"href":"http:\/\/www.asdcastelvecchio.it\/home\/wp-json\/wp\/v2\/users\/3"}],"replies":[{"embeddable":true,"href":"http:\/\/www.asdcastelvecchio.it\/home\/wp-json\/wp\/v2\/comments?post=11932"}],"version-history":[{"count":1,"href":"http:\/\/www.asdcastelvecchio.it\/home\/wp-json\/wp\/v2\/posts\/11932\/revisions"}],"predecessor-version":[{"id":11934,"href":"http:\/\/www.asdcastelvecchio.it\/home\/wp-json\/wp\/v2\/posts\/11932\/revisions\/11934"}],"wp:featuredmedia":[{"embeddable":true,"href":"http:\/\/www.asdcastelvecchio.it\/home\/wp-json\/wp\/v2\/media\/11933"}],"wp:attachment":[{"href":"http:\/\/www.asdcastelvecchio.it\/home\/wp-json\/wp\/v2\/media?parent=11932"}],"wp:term":[{"taxonomy":"category","embeddable":true,"href":"http:\/\/www.asdcastelvecchio.it\/home\/wp-json\/wp\/v2\/categories?post=11932"},{"taxonomy":"post_tag","embeddable":true,"href":"http:\/\/www.asdcastelvecchio.it\/home\/wp-json\/wp\/v2\/tags?post=11932"}],"curies":[{"name":"wp","href":"https:\/\/api.w.org\/{rel}","templated":true}]}}