{"id":11927,"date":"2025-07-09T09:32:57","date_gmt":"2025-07-09T07:32:57","guid":{"rendered":"https:\/\/www.asdcastelvecchio.it\/home\/?p=11927"},"modified":"2025-07-09T09:33:00","modified_gmt":"2025-07-09T07:33:00","slug":"casadei-lascia-il-cesena","status":"publish","type":"post","link":"http:\/\/www.asdcastelvecchio.it\/home\/2025\/07\/09\/casadei-lascia-il-cesena\/","title":{"rendered":"Casadei lascia il Cesena"},"content":{"rendered":"\n<p>Il Cesena FC Femminile comunica il mancato rinnovo del rapporto contrattuale con la calciatrice Elena Casadei.&nbsp;<\/p>\n\n\n\n<p>\u00c8 con un mix di tristezza e profonda gratitudine che annunciamo il mancato rinnovo con&nbsp;<strong>Elena Casadei<\/strong>, che non proseguir\u00e0 il suo percorso con il&nbsp;<strong>Cesena FC Femminile<\/strong>.<\/p>\n\n\n\n<p>Per motivi lavorativi, Casadei ha preso, con grande rammarico, la decisione di non continuare. Una scelta che la Societ\u00e0 comprende e rispetta.<\/p>\n\n\n\n<p>Elena Casadei \u00e8 stata un simbolo, un punto di riferimento, un esempio di&nbsp;<strong>dedizione, passione e attaccamento ai colori bianconeri<\/strong>. Cresciuta nel nostro settore giovanile, nella sua carriera ha indossato con orgoglio solo la maglia del Cesena.<\/p>\n\n\n\n<p><strong>Le parole del Presidente&nbsp;<\/strong><\/p>\n\n\n\n<p><strong>Massimo Magnani:<\/strong><\/p>\n\n\n\n<p><em>&#8220;Oggi salutiamo una straordinaria ragazza e atleta, una figura che ha incarnato i valori pi\u00f9 autentici del Cesena.<\/em><\/p>\n\n\n\n<p>Il suo spirito combattivo, la professionalit\u00e0 e l\u2019umilt\u00e0 con cui ha sempre rappresentato il club resteranno per sempre nei cuori di tutti noi e dei nostri tifosi.&#8221;<\/p>\n\n\n\n<p><strong>Le parole del Direttore Sportivo Elvio Sanna:<\/strong><\/p>\n\n\n\n<p>&#8220;La decisione di Elena, per quanto sofferta, \u00e8 comprensibile e si inserisce in un contesto che caratterizza la Serie B femminile. In questa categoria, molte atlete devono conciliare la carriera sportiva con gli impegni lavorativi. Le loro scelte, inevitabilmente, sono condizionate anche dalle esigenze delle aziende in cui operano.<\/p>\n\n\n\n<p>Dalla prossima stagione, per ovvi motivi,&nbsp;<\/p>\n\n\n\n<p>gli allenamenti della prima squadra si svolgeranno al mattino: questo ha rappresentato una difficolt\u00e0 concreta per Elena. Nonostante tutti i nostri sforzi, non si \u00e8 riusciti a trovare una soluzione condivisa. Il dispiacere \u00e8 enorme, ma il rispetto per la sua scelta viene prima di tutto.&#8221;<\/p>\n\n\n\n<p>Tutta la Societ\u00e0 augura a&nbsp;<strong>Elena Casadei<\/strong>&nbsp;un futuro pieno di soddisfazioni, serenit\u00e0 e successi, sia nella vita&nbsp;<strong>professionale<\/strong>&nbsp;che&nbsp;<strong>personale<\/strong>. Grazie di tutto Capitano.<\/p>\n","protected":false},"excerpt":{"rendered":"<p>Il Cesena FC Femminile comunica il mancato rinnovo del rapporto contrattuale con la calciatrice Elena Casadei.&nbsp; \u00c8 con un mix di tristezza e profonda gratitudine che annunciamo il mancato rinnovo con&nbsp;Elena Casadei, che non proseguir\u00e0 il suo percorso con il&nbsp;Cesena FC Femminile. Per motivi lavorativi, Casadei ha preso, con grande rammarico, la decisione di non&hellip; <br \/> <a class=\"read-more\" href=\"http:\/\/www.asdcastelvecchio.it\/home\/2025\/07\/09\/casadei-lascia-il-cesena\/\">Read more<\/a><\/p>\n","protected":false},"author":3,"featured_media":11928,"comment_status":"closed","ping_status":"open","sticky":false,"template":"","format":"standard","meta":{"footnotes":""},"categories":[1],"tags":[],"class_list":["post-11927","post","type-post","status-publish","format-standard","has-post-thumbnail","hentry","category-serie-b"],"_links":{"self":[{"href":"http:\/\/www.asdcastelvecchio.it\/home\/wp-json\/wp\/v2\/posts\/11927","targetHints":{"allow":["GET"]}}],"collection":[{"href":"http:\/\/www.asdcastelvecchio.it\/home\/wp-json\/wp\/v2\/posts"}],"about":[{"href":"http:\/\/www.asdcastelvecchio.it\/home\/wp-json\/wp\/v2\/types\/post"}],"author":[{"embeddable":true,"href":"http:\/\/www.asdcastelvecchio.it\/home\/wp-json\/wp\/v2\/users\/3"}],"replies":[{"embeddable":true,"href":"http:\/\/www.asdcastelvecchio.it\/home\/wp-json\/wp\/v2\/comments?post=11927"}],"version-history":[{"count":1,"href":"http:\/\/www.asdcastelvecchio.it\/home\/wp-json\/wp\/v2\/posts\/11927\/revisions"}],"predecessor-version":[{"id":11929,"href":"http:\/\/www.asdcastelvecchio.it\/home\/wp-json\/wp\/v2\/posts\/11927\/revisions\/11929"}],"wp:featuredmedia":[{"embeddable":true,"href":"http:\/\/www.asdcastelvecchio.it\/home\/wp-json\/wp\/v2\/media\/11928"}],"wp:attachment":[{"href":"http:\/\/www.asdcastelvecchio.it\/home\/wp-json\/wp\/v2\/media?parent=11927"}],"wp:term":[{"taxonomy":"category","embeddable":true,"href":"http:\/\/www.asdcastelvecchio.it\/home\/wp-json\/wp\/v2\/categories?post=11927"},{"taxonomy":"post_tag","embeddable":true,"href":"http:\/\/www.asdcastelvecchio.it\/home\/wp-json\/wp\/v2\/tags?post=11927"}],"curies":[{"name":"wp","href":"https:\/\/api.w.org\/{rel}","templated":true}]}}