{"id":11636,"date":"2024-09-04T18:43:19","date_gmt":"2024-09-04T16:43:19","guid":{"rendered":"http:\/\/www.asdcastelvecchio.it\/home\/?p=11636"},"modified":"2024-09-04T18:43:22","modified_gmt":"2024-09-04T16:43:22","slug":"vergani-al-cesena","status":"publish","type":"post","link":"http:\/\/www.asdcastelvecchio.it\/home\/2024\/09\/04\/vergani-al-cesena\/","title":{"rendered":"Vergani al Cesena"},"content":{"rendered":"\n<p>Cesena, 04\/08\/2024<\/p>\n\n\n\n<p>Il Cesena FC Femminile comunica di aver trovato l&#8217;accordo con l&#8217;FC Internazionale per il prestito dell&#8217;esterno sinistro di difesa Bianca Vergani.<\/p>\n\n\n\n<p>La classe 2002 &nbsp;inizia a giocare a 9 anni all&#8217;oratorio per poi passare a 13 anni nel Fiammamonza. Dopo due stagioni si trasferisce all&#8217;Inter dove vincer\u00e0 un campionato primavera e nella stagione 2020\/2021 verr\u00e0 promossa in prima squadra.<\/p>\n\n\n\n<p>Dopo cinque stagioni in nero azzurro nell&#8217;estate del 2022 si trasferisca in prestito all&#8217;Hellas Verona dove disputer\u00e0 il campionato di Serie B.<\/p>\n\n\n\n<p>Da un paio di stagioni \u00e8 entrata a far parte del gruppo delle azzurre della nazionale under 23.&nbsp;<\/p>\n\n\n\n<p>Vestir\u00e0 la maglia numero 32 .<\/p>\n\n\n\n<p>Tutta la Societ\u00e0 augura un grosso in bocca al lupo a Bianca per l&#8217;inizio di questa nuova esperienza in maglia bianconera.<\/p>\n\n\n\n<p>Le dichiarazioni di Bianca:&nbsp;<\/p>\n\n\n\n<p><em>&#8220;Ho scelto Cesena perch\u00e9 ho percepito da subito la fiducia da parte del club e la volont\u00e0 di avermi qui nonostante i mesi difficili che ho passato, e questo per me \u00e8 fondamentale per ritrovarmi al meglio come calciatrice e come persona.<\/em><\/p>\n\n\n\n<p><em>In questa stagione ho come obiettivo quello di ritrovare un minutaggio importante e giocare tante partite per tornare a stare bene e ad avere continuit\u00e0, spero di poter aiutare questa squadra a continuare un percorso importante che l\u2019ha vista crescere tanto negli ultimi anni ma soprattutto voglio tornare a divertirmi giocando a calcio e penso che Cesena sia il posto perfetto per poterlo fare, sono molto felice di essere qua e non vedo l\u2019ora di cominciare\u201d<\/em><\/p>\n\n\n\n<p><strong>Dai burdeli!<\/strong><\/p>\n","protected":false},"excerpt":{"rendered":"<p>Cesena, 04\/08\/2024 Il Cesena FC Femminile comunica di aver trovato l&#8217;accordo con l&#8217;FC Internazionale per il prestito dell&#8217;esterno sinistro di difesa Bianca Vergani. La classe 2002 &nbsp;inizia a giocare a 9 anni all&#8217;oratorio per poi passare a 13 anni nel Fiammamonza. Dopo due stagioni si trasferisce all&#8217;Inter dove vincer\u00e0 un campionato primavera e nella stagione&hellip; <br \/> <a class=\"read-more\" href=\"http:\/\/www.asdcastelvecchio.it\/home\/2024\/09\/04\/vergani-al-cesena\/\">Read more<\/a><\/p>\n","protected":false},"author":3,"featured_media":11637,"comment_status":"closed","ping_status":"open","sticky":false,"template":"","format":"standard","meta":{"footnotes":""},"categories":[1],"tags":[],"class_list":["post-11636","post","type-post","status-publish","format-standard","has-post-thumbnail","hentry","category-serie-b"],"_links":{"self":[{"href":"http:\/\/www.asdcastelvecchio.it\/home\/wp-json\/wp\/v2\/posts\/11636","targetHints":{"allow":["GET"]}}],"collection":[{"href":"http:\/\/www.asdcastelvecchio.it\/home\/wp-json\/wp\/v2\/posts"}],"about":[{"href":"http:\/\/www.asdcastelvecchio.it\/home\/wp-json\/wp\/v2\/types\/post"}],"author":[{"embeddable":true,"href":"http:\/\/www.asdcastelvecchio.it\/home\/wp-json\/wp\/v2\/users\/3"}],"replies":[{"embeddable":true,"href":"http:\/\/www.asdcastelvecchio.it\/home\/wp-json\/wp\/v2\/comments?post=11636"}],"version-history":[{"count":1,"href":"http:\/\/www.asdcastelvecchio.it\/home\/wp-json\/wp\/v2\/posts\/11636\/revisions"}],"predecessor-version":[{"id":11638,"href":"http:\/\/www.asdcastelvecchio.it\/home\/wp-json\/wp\/v2\/posts\/11636\/revisions\/11638"}],"wp:featuredmedia":[{"embeddable":true,"href":"http:\/\/www.asdcastelvecchio.it\/home\/wp-json\/wp\/v2\/media\/11637"}],"wp:attachment":[{"href":"http:\/\/www.asdcastelvecchio.it\/home\/wp-json\/wp\/v2\/media?parent=11636"}],"wp:term":[{"taxonomy":"category","embeddable":true,"href":"http:\/\/www.asdcastelvecchio.it\/home\/wp-json\/wp\/v2\/categories?post=11636"},{"taxonomy":"post_tag","embeddable":true,"href":"http:\/\/www.asdcastelvecchio.it\/home\/wp-json\/wp\/v2\/tags?post=11636"}],"curies":[{"name":"wp","href":"https:\/\/api.w.org\/{rel}","templated":true}]}}