{"id":11628,"date":"2024-08-24T09:39:47","date_gmt":"2024-08-24T07:39:47","guid":{"rendered":"http:\/\/www.asdcastelvecchio.it\/home\/?p=11628"},"modified":"2024-08-24T09:39:50","modified_gmt":"2024-08-24T07:39:50","slug":"battilana-al-cesena","status":"publish","type":"post","link":"http:\/\/www.asdcastelvecchio.it\/home\/2024\/08\/24\/battilana-al-cesena\/","title":{"rendered":"Battilana al Cesena"},"content":{"rendered":"\n<p>Cesena, 24\/08\/2024<\/p>\n\n\n\n<p>Il Cesena FC Femminile comunica di aver trovato l&#8217;accordo con l&#8217;FC Internazionale per il prestito del difensore Noemi Battilana<\/p>\n\n\n\n<p>La classe 2005 ha iniziato a giocare a calcio nel Brogliano, la squadra del suo paese. Successivamente \u00e8 passata alle giovanili del Vicenza e gi\u00e0 a 16 anni \u00e8 stata aggregata alla prima squadra con cui ha disputato un paio di campionati di Serie C. Le sue qualit\u00e0 vengono notate dall&#8217;Inter che la porta a Milano nell&#8217;agosto del 2023, la scorsa stagione gioca il campionato di primavera 1 con le nerazzurre mettendo a segno 3 reti.<\/p>\n\n\n\n<p>Vestir\u00e0 la maglia numero 6.<\/p>\n\n\n\n<p>Tutta la Societ\u00e0 augura un grosso in bocca al lupo a Noemi per l&#8217;inizio di questa nuova esperienza in maglia bianconera.<\/p>\n\n\n\n<p>Le dichiarazioni di Noemi:&nbsp;<\/p>\n\n\n\n<p><em>&#8220;Ho scelto il Cesena perch\u00e9 mi \u00e8 sempre sembrata una societ\u00e0 seria, impegnata e attenta alla crescita tecnica e individuale delle giocatrici. &nbsp;Fin dai primi contatti ho respirato un&#8217;aria familiare che non sempre \u00e8 scontata, allo stesso tempo sento nel gruppo squadra la voglia di fare bene e di impegnarsi al massimo. Il mister mi ispira fiducia e sento che con lui posso crescere e migliorarmi. Ce la metter\u00f2 tutta!\u201d<\/em><\/p>\n\n\n\n<p><strong>Dai burdeli!<\/strong><\/p>\n","protected":false},"excerpt":{"rendered":"<p>Cesena, 24\/08\/2024 Il Cesena FC Femminile comunica di aver trovato l&#8217;accordo con l&#8217;FC Internazionale per il prestito del difensore Noemi Battilana La classe 2005 ha iniziato a giocare a calcio nel Brogliano, la squadra del suo paese. Successivamente \u00e8 passata alle giovanili del Vicenza e gi\u00e0 a 16 anni \u00e8 stata aggregata alla prima squadra&hellip; <br \/> <a class=\"read-more\" href=\"http:\/\/www.asdcastelvecchio.it\/home\/2024\/08\/24\/battilana-al-cesena\/\">Read more<\/a><\/p>\n","protected":false},"author":3,"featured_media":11629,"comment_status":"closed","ping_status":"open","sticky":false,"template":"","format":"standard","meta":{"footnotes":""},"categories":[1],"tags":[],"class_list":["post-11628","post","type-post","status-publish","format-standard","has-post-thumbnail","hentry","category-serie-b"],"_links":{"self":[{"href":"http:\/\/www.asdcastelvecchio.it\/home\/wp-json\/wp\/v2\/posts\/11628","targetHints":{"allow":["GET"]}}],"collection":[{"href":"http:\/\/www.asdcastelvecchio.it\/home\/wp-json\/wp\/v2\/posts"}],"about":[{"href":"http:\/\/www.asdcastelvecchio.it\/home\/wp-json\/wp\/v2\/types\/post"}],"author":[{"embeddable":true,"href":"http:\/\/www.asdcastelvecchio.it\/home\/wp-json\/wp\/v2\/users\/3"}],"replies":[{"embeddable":true,"href":"http:\/\/www.asdcastelvecchio.it\/home\/wp-json\/wp\/v2\/comments?post=11628"}],"version-history":[{"count":1,"href":"http:\/\/www.asdcastelvecchio.it\/home\/wp-json\/wp\/v2\/posts\/11628\/revisions"}],"predecessor-version":[{"id":11630,"href":"http:\/\/www.asdcastelvecchio.it\/home\/wp-json\/wp\/v2\/posts\/11628\/revisions\/11630"}],"wp:featuredmedia":[{"embeddable":true,"href":"http:\/\/www.asdcastelvecchio.it\/home\/wp-json\/wp\/v2\/media\/11629"}],"wp:attachment":[{"href":"http:\/\/www.asdcastelvecchio.it\/home\/wp-json\/wp\/v2\/media?parent=11628"}],"wp:term":[{"taxonomy":"category","embeddable":true,"href":"http:\/\/www.asdcastelvecchio.it\/home\/wp-json\/wp\/v2\/categories?post=11628"},{"taxonomy":"post_tag","embeddable":true,"href":"http:\/\/www.asdcastelvecchio.it\/home\/wp-json\/wp\/v2\/tags?post=11628"}],"curies":[{"name":"wp","href":"https:\/\/api.w.org\/{rel}","templated":true}]}}