{"id":11625,"date":"2024-08-21T10:07:34","date_gmt":"2024-08-21T08:07:34","guid":{"rendered":"http:\/\/www.asdcastelvecchio.it\/home\/?p=11625"},"modified":"2024-08-21T10:07:37","modified_gmt":"2024-08-21T08:07:37","slug":"elena-belli-e-del-cesena","status":"publish","type":"post","link":"http:\/\/www.asdcastelvecchio.it\/home\/2024\/08\/21\/elena-belli-e-del-cesena\/","title":{"rendered":"Elena Belli \u00e8 del Cesena"},"content":{"rendered":"\n<p>Cesena, 22\/08\/2024<\/p>\n\n\n\n<p>Il Cesena FC Femminile comunica di aver trovato l&#8217;accordo con l&#8217;FC Internazionale per il prestito del portiere Elena Belli<\/p>\n\n\n\n<p>La classe 2006 ha iniziato a giocare a calcio quando aveva 7 anni nella Rodanese, dopo aver giocato per due anni nel Fanfulla riceva la chiamata del Milan dove rimane per quattro anni.<\/p>\n\n\n\n<p>Nella stagione 2018\/2019 si trasferisce all&#8217;inter dove inizia nell&#8217;under 15 per poi arrivare in primavera e prima squadra.&nbsp;<\/p>\n\n\n\n<p>Vestir\u00e0 la maglia numero 70.<\/p>\n\n\n\n<p>Tutta la Societ\u00e0 augura un grosso in bocca al lupo a Elena per l&#8217;inizio di questa nuova esperienza in maglia bianconera.<\/p>\n\n\n\n<p>Le dichiarazioni di Elena:&nbsp;<\/p>\n\n\n\n<p><em>&#8220;Mi ha convinto subito il fatto che volessero creare una rosa giovane che potesse lottare per la promozione in serie A. Il mio obiettivo \u00e8 quello di riuscire a rimanere il pi\u00f9 costante possibile in termini di prestazioni per fare il salto di qualit\u00e0 che mi serve per completarmi sempre di pi\u00f9\u201d<\/em><\/p>\n\n\n\n<p><strong>Dai burdeli!<\/strong><\/p>\n","protected":false},"excerpt":{"rendered":"<p>Cesena, 22\/08\/2024 Il Cesena FC Femminile comunica di aver trovato l&#8217;accordo con l&#8217;FC Internazionale per il prestito del portiere Elena Belli La classe 2006 ha iniziato a giocare a calcio quando aveva 7 anni nella Rodanese, dopo aver giocato per due anni nel Fanfulla riceva la chiamata del Milan dove rimane per quattro anni. Nella&hellip; <br \/> <a class=\"read-more\" href=\"http:\/\/www.asdcastelvecchio.it\/home\/2024\/08\/21\/elena-belli-e-del-cesena\/\">Read more<\/a><\/p>\n","protected":false},"author":3,"featured_media":11626,"comment_status":"closed","ping_status":"open","sticky":false,"template":"","format":"standard","meta":{"footnotes":""},"categories":[1],"tags":[],"class_list":["post-11625","post","type-post","status-publish","format-standard","has-post-thumbnail","hentry","category-serie-b"],"_links":{"self":[{"href":"http:\/\/www.asdcastelvecchio.it\/home\/wp-json\/wp\/v2\/posts\/11625","targetHints":{"allow":["GET"]}}],"collection":[{"href":"http:\/\/www.asdcastelvecchio.it\/home\/wp-json\/wp\/v2\/posts"}],"about":[{"href":"http:\/\/www.asdcastelvecchio.it\/home\/wp-json\/wp\/v2\/types\/post"}],"author":[{"embeddable":true,"href":"http:\/\/www.asdcastelvecchio.it\/home\/wp-json\/wp\/v2\/users\/3"}],"replies":[{"embeddable":true,"href":"http:\/\/www.asdcastelvecchio.it\/home\/wp-json\/wp\/v2\/comments?post=11625"}],"version-history":[{"count":1,"href":"http:\/\/www.asdcastelvecchio.it\/home\/wp-json\/wp\/v2\/posts\/11625\/revisions"}],"predecessor-version":[{"id":11627,"href":"http:\/\/www.asdcastelvecchio.it\/home\/wp-json\/wp\/v2\/posts\/11625\/revisions\/11627"}],"wp:featuredmedia":[{"embeddable":true,"href":"http:\/\/www.asdcastelvecchio.it\/home\/wp-json\/wp\/v2\/media\/11626"}],"wp:attachment":[{"href":"http:\/\/www.asdcastelvecchio.it\/home\/wp-json\/wp\/v2\/media?parent=11625"}],"wp:term":[{"taxonomy":"category","embeddable":true,"href":"http:\/\/www.asdcastelvecchio.it\/home\/wp-json\/wp\/v2\/categories?post=11625"},{"taxonomy":"post_tag","embeddable":true,"href":"http:\/\/www.asdcastelvecchio.it\/home\/wp-json\/wp\/v2\/tags?post=11625"}],"curies":[{"name":"wp","href":"https:\/\/api.w.org\/{rel}","templated":true}]}}