{"id":11607,"date":"2024-08-03T12:47:53","date_gmt":"2024-08-03T10:47:53","guid":{"rendered":"http:\/\/www.asdcastelvecchio.it\/home\/?p=11607"},"modified":"2024-08-03T12:47:56","modified_gmt":"2024-08-03T10:47:56","slug":"sofia-testa-e-bianconera","status":"publish","type":"post","link":"http:\/\/www.asdcastelvecchio.it\/home\/2024\/08\/03\/sofia-testa-e-bianconera\/","title":{"rendered":"Sofia Testa \u00e8 bianconera"},"content":{"rendered":"\n<p>Cesena, 03\/08\/2024<\/p>\n\n\n\n<p>Il Cesena FC Femminile comunica di aver trovato l&#8217;accordo con l\u2019 AS Roma per il prestito della centrocampista Sofia Testa<\/p>\n\n\n\n<p>La classe 2006 approda nel settore giovanile giallorosso a 12 anni, parte dall&#8217;under 13 e arriva fino alla primavera. Nel 2021 viene convocata in nazionale Under 16 con cui disputa diversi tornei&nbsp;<\/p>\n\n\n\n<p>conquistando anche un secondo posto nel Female Football Tournament.<\/p>\n\n\n\n<p>La centrocampista romana vestir\u00e0 la maglia numero 21.<\/p>\n\n\n\n<p>Tutta la Societ\u00e0 augura un grosso in bocca al&nbsp;<\/p>\n\n\n\n<p>lupo a Sofia per l&#8217;inizio di questa nuova esperienza in maglia bianconera.<\/p>\n\n\n\n<p>Le dichiarazioni di Sofia:&nbsp;<\/p>\n\n\n\n<p><em>\u201cHo scelto il cesena per l\u2019interesse che ho riposto sin da subito nei miei confronti, \u00e8 una societ\u00e0 ambiziosa che ha voglia di fare bene. Mi aspetto una stagione impegnativa e stimolante, il mio obiettivo \u00e8 quello di crescere come giocatrice e come persona\u201d<\/em><\/p>\n\n\n\n<p><strong>Dai burdeli!<\/strong><\/p>\n","protected":false},"excerpt":{"rendered":"<p>Cesena, 03\/08\/2024 Il Cesena FC Femminile comunica di aver trovato l&#8217;accordo con l\u2019 AS Roma per il prestito della centrocampista Sofia Testa La classe 2006 approda nel settore giovanile giallorosso a 12 anni, parte dall&#8217;under 13 e arriva fino alla primavera. Nel 2021 viene convocata in nazionale Under 16 con cui disputa diversi tornei&nbsp; conquistando&hellip; <br \/> <a class=\"read-more\" href=\"http:\/\/www.asdcastelvecchio.it\/home\/2024\/08\/03\/sofia-testa-e-bianconera\/\">Read more<\/a><\/p>\n","protected":false},"author":3,"featured_media":11608,"comment_status":"closed","ping_status":"open","sticky":false,"template":"","format":"standard","meta":{"footnotes":""},"categories":[1],"tags":[],"class_list":["post-11607","post","type-post","status-publish","format-standard","has-post-thumbnail","hentry","category-serie-b"],"_links":{"self":[{"href":"http:\/\/www.asdcastelvecchio.it\/home\/wp-json\/wp\/v2\/posts\/11607","targetHints":{"allow":["GET"]}}],"collection":[{"href":"http:\/\/www.asdcastelvecchio.it\/home\/wp-json\/wp\/v2\/posts"}],"about":[{"href":"http:\/\/www.asdcastelvecchio.it\/home\/wp-json\/wp\/v2\/types\/post"}],"author":[{"embeddable":true,"href":"http:\/\/www.asdcastelvecchio.it\/home\/wp-json\/wp\/v2\/users\/3"}],"replies":[{"embeddable":true,"href":"http:\/\/www.asdcastelvecchio.it\/home\/wp-json\/wp\/v2\/comments?post=11607"}],"version-history":[{"count":1,"href":"http:\/\/www.asdcastelvecchio.it\/home\/wp-json\/wp\/v2\/posts\/11607\/revisions"}],"predecessor-version":[{"id":11609,"href":"http:\/\/www.asdcastelvecchio.it\/home\/wp-json\/wp\/v2\/posts\/11607\/revisions\/11609"}],"wp:featuredmedia":[{"embeddable":true,"href":"http:\/\/www.asdcastelvecchio.it\/home\/wp-json\/wp\/v2\/media\/11608"}],"wp:attachment":[{"href":"http:\/\/www.asdcastelvecchio.it\/home\/wp-json\/wp\/v2\/media?parent=11607"}],"wp:term":[{"taxonomy":"category","embeddable":true,"href":"http:\/\/www.asdcastelvecchio.it\/home\/wp-json\/wp\/v2\/categories?post=11607"},{"taxonomy":"post_tag","embeddable":true,"href":"http:\/\/www.asdcastelvecchio.it\/home\/wp-json\/wp\/v2\/tags?post=11607"}],"curies":[{"name":"wp","href":"https:\/\/api.w.org\/{rel}","templated":true}]}}