{"id":11572,"date":"2024-07-17T13:51:56","date_gmt":"2024-07-17T11:51:56","guid":{"rendered":"http:\/\/www.asdcastelvecchio.it\/home\/?p=11572"},"modified":"2024-07-17T13:51:59","modified_gmt":"2024-07-17T11:51:59","slug":"greta-di-luzio-e-del-cesena","status":"publish","type":"post","link":"http:\/\/www.asdcastelvecchio.it\/home\/2024\/07\/17\/greta-di-luzio-e-del-cesena\/","title":{"rendered":"Greta Di Luzio \u00e8 del Cesena"},"content":{"rendered":"\n<p>Cesena, 14\/07\/2024<\/p>\n\n\n\n<p>Il Cesena FC Femminile \u00e8 lieto di comunicare l\u2019arrivo in maglia bianconera dell&#8217;attaccante Greta Di Luzio.<\/p>\n\n\n\n<p>La classe 99 \u00e8 cresciuta calcisticamente nel Milan Ladies con le quali ha giocato per 10 anni. Nella stagione 2019\/2020 si \u00e8 trasferita al San Marino proprio sotto la guida di Mister Conte, con il quale ha ottenuto la promozione in Serie A. Dopo un anno e mezzo sotto il Monte Titano approda a gennaio 2021 al Como dove in tre anni ha messo a segno 28 reti, vincendo il campionato cadetto per una seconda volta nella stagione 2021\/2022.<\/p>\n\n\n\n<p>A marzo dello scorso anno ha subito un infortunio al legamento crociato del ginocchio sinistro, che l&#8217;ha tenuta per un periodo ferma ai box, ma a gennaio \u00e8 ripartita dal Parma prendendosi il suo spazio e riuscendo a ritrovare la via del gol (4 reti in 12 presenze).<\/p>\n\n\n\n<p>In riva al Savio il fiuto del gol dell&#8217;attaccante che vestir\u00e0 la maglia numero 99 lo conosciamo bene: negli anni da avversaria ha messo a segno 6 reti contro il Cavalluccio.<\/p>\n\n\n\n<p>Tutta la Societ\u00e0 augura un grosso in bocca al lupo a Greta per l&#8217;inizio di questa nuova esperienza in maglia bianconera.<\/p>\n\n\n\n<p>Le dichiarazioni di Greta:&nbsp;<\/p>\n\n\n\n<p><em>\u201c Ho scelto Cesena perch\u00e8 \u00e8 una societ\u00e0 che sta facendo bene, soprattutto negli ultimi anni, e di cui conosco e condivido i valori. Ho gi\u00e0 lavorato con il mister, e so cosa pu\u00f2 dare a me e alla squadra, e so che insieme possiamo fare bene. Inoltre ho gi\u00e0 vissuto in Romagna, e mi sono trovata molto bene, so che trover\u00f2 una societ\u00e0 e una citt\u00e0 accoglienti. Dalla prossima stagione mi aspetto un campionato di rilancio a livello personale dopo il rientro dall&#8217;infortunio. Voglio aiutare il pi\u00f9 possibile la squadra, con le mie prestazioni e goal senza porre limiti a ci\u00f2 che potremmo raggiungere\u201d<\/em><\/p>\n\n\n\n<p><strong>Dai burdeli!<\/strong><\/p>\n","protected":false},"excerpt":{"rendered":"<p>Cesena, 14\/07\/2024 Il Cesena FC Femminile \u00e8 lieto di comunicare l\u2019arrivo in maglia bianconera dell&#8217;attaccante Greta Di Luzio. La classe 99 \u00e8 cresciuta calcisticamente nel Milan Ladies con le quali ha giocato per 10 anni. Nella stagione 2019\/2020 si \u00e8 trasferita al San Marino proprio sotto la guida di Mister Conte, con il quale ha&hellip; <br \/> <a class=\"read-more\" href=\"http:\/\/www.asdcastelvecchio.it\/home\/2024\/07\/17\/greta-di-luzio-e-del-cesena\/\">Read more<\/a><\/p>\n","protected":false},"author":3,"featured_media":11573,"comment_status":"closed","ping_status":"open","sticky":false,"template":"","format":"standard","meta":{"footnotes":""},"categories":[1],"tags":[],"class_list":["post-11572","post","type-post","status-publish","format-standard","has-post-thumbnail","hentry","category-serie-b"],"_links":{"self":[{"href":"http:\/\/www.asdcastelvecchio.it\/home\/wp-json\/wp\/v2\/posts\/11572","targetHints":{"allow":["GET"]}}],"collection":[{"href":"http:\/\/www.asdcastelvecchio.it\/home\/wp-json\/wp\/v2\/posts"}],"about":[{"href":"http:\/\/www.asdcastelvecchio.it\/home\/wp-json\/wp\/v2\/types\/post"}],"author":[{"embeddable":true,"href":"http:\/\/www.asdcastelvecchio.it\/home\/wp-json\/wp\/v2\/users\/3"}],"replies":[{"embeddable":true,"href":"http:\/\/www.asdcastelvecchio.it\/home\/wp-json\/wp\/v2\/comments?post=11572"}],"version-history":[{"count":1,"href":"http:\/\/www.asdcastelvecchio.it\/home\/wp-json\/wp\/v2\/posts\/11572\/revisions"}],"predecessor-version":[{"id":11574,"href":"http:\/\/www.asdcastelvecchio.it\/home\/wp-json\/wp\/v2\/posts\/11572\/revisions\/11574"}],"wp:featuredmedia":[{"embeddable":true,"href":"http:\/\/www.asdcastelvecchio.it\/home\/wp-json\/wp\/v2\/media\/11573"}],"wp:attachment":[{"href":"http:\/\/www.asdcastelvecchio.it\/home\/wp-json\/wp\/v2\/media?parent=11572"}],"wp:term":[{"taxonomy":"category","embeddable":true,"href":"http:\/\/www.asdcastelvecchio.it\/home\/wp-json\/wp\/v2\/categories?post=11572"},{"taxonomy":"post_tag","embeddable":true,"href":"http:\/\/www.asdcastelvecchio.it\/home\/wp-json\/wp\/v2\/tags?post=11572"}],"curies":[{"name":"wp","href":"https:\/\/api.w.org\/{rel}","templated":true}]}}