{"id":10719,"date":"2023-11-28T13:32:25","date_gmt":"2023-11-28T12:32:25","guid":{"rendered":"http:\/\/www.asdcastelvecchio.it\/home\/?p=10719"},"modified":"2023-11-28T13:32:26","modified_gmt":"2023-11-28T12:32:26","slug":"tre-bianconere-in-nazionale-2","status":"publish","type":"post","link":"http:\/\/www.asdcastelvecchio.it\/home\/2023\/11\/28\/tre-bianconere-in-nazionale-2\/","title":{"rendered":"Tre bianconere in nazionale"},"content":{"rendered":"\n<p>Cesena, 28\/11\/2023<\/p>\n\n\n\n<p>Il Cesena FC Femminile comunica che tre giocatrici della prima squadra sono state convocate in nazionale: Chirine Lamti, Federica D&#8217;Auria e Beatrice Calegari.<\/p>\n\n\n\n<p>Chirine Lamti \u00e8 volata in Tunisia per giocare due importanti partite contro il Congo per la qualificazione alla Coppa d&#8217;Africa che si disputer\u00e0 a Marzo del 2024.&nbsp;<\/p>\n\n\n\n<p>Federica D\u2019Auria \u00e8 stata invece convocata in nazionale Under 23 per l&#8217;amichevole contro il Belgio che si disputer\u00e0 gioved\u00ec 30 novembre a Coverciano.<\/p>\n\n\n\n<p>Torna in maglia azzurra anche Beatrice Calegari che far\u00e0 parte delle azzurrine Under 19 che sempre gioved\u00ec 30 giocheranno un&#8217;amichevole con l&#8217;Austria al Centro di Preparazione Olimpica di Tirrenia.<\/p>\n\n\n\n<p>Tutta la Societ\u00e0 bianconera augura un grosso in bocca al lupo alle proprie atlete: vederle indossare la maglia della propria Nazionale \u00e8 un grande orgoglio.<\/p>\n\n\n\n<p><strong>Dai burdeli!<\/strong><\/p>\n","protected":false},"excerpt":{"rendered":"<p>Cesena, 28\/11\/2023 Il Cesena FC Femminile comunica che tre giocatrici della prima squadra sono state convocate in nazionale: Chirine Lamti, Federica D&#8217;Auria e Beatrice Calegari. Chirine Lamti \u00e8 volata in Tunisia per giocare due importanti partite contro il Congo per la qualificazione alla Coppa d&#8217;Africa che si disputer\u00e0 a Marzo del 2024.&nbsp; Federica D\u2019Auria \u00e8&hellip; <br \/> <a class=\"read-more\" href=\"http:\/\/www.asdcastelvecchio.it\/home\/2023\/11\/28\/tre-bianconere-in-nazionale-2\/\">Read more<\/a><\/p>\n","protected":false},"author":3,"featured_media":10720,"comment_status":"closed","ping_status":"open","sticky":false,"template":"","format":"standard","meta":{"footnotes":""},"categories":[1],"tags":[],"class_list":["post-10719","post","type-post","status-publish","format-standard","has-post-thumbnail","hentry","category-serie-b"],"_links":{"self":[{"href":"http:\/\/www.asdcastelvecchio.it\/home\/wp-json\/wp\/v2\/posts\/10719","targetHints":{"allow":["GET"]}}],"collection":[{"href":"http:\/\/www.asdcastelvecchio.it\/home\/wp-json\/wp\/v2\/posts"}],"about":[{"href":"http:\/\/www.asdcastelvecchio.it\/home\/wp-json\/wp\/v2\/types\/post"}],"author":[{"embeddable":true,"href":"http:\/\/www.asdcastelvecchio.it\/home\/wp-json\/wp\/v2\/users\/3"}],"replies":[{"embeddable":true,"href":"http:\/\/www.asdcastelvecchio.it\/home\/wp-json\/wp\/v2\/comments?post=10719"}],"version-history":[{"count":1,"href":"http:\/\/www.asdcastelvecchio.it\/home\/wp-json\/wp\/v2\/posts\/10719\/revisions"}],"predecessor-version":[{"id":10721,"href":"http:\/\/www.asdcastelvecchio.it\/home\/wp-json\/wp\/v2\/posts\/10719\/revisions\/10721"}],"wp:featuredmedia":[{"embeddable":true,"href":"http:\/\/www.asdcastelvecchio.it\/home\/wp-json\/wp\/v2\/media\/10720"}],"wp:attachment":[{"href":"http:\/\/www.asdcastelvecchio.it\/home\/wp-json\/wp\/v2\/media?parent=10719"}],"wp:term":[{"taxonomy":"category","embeddable":true,"href":"http:\/\/www.asdcastelvecchio.it\/home\/wp-json\/wp\/v2\/categories?post=10719"},{"taxonomy":"post_tag","embeddable":true,"href":"http:\/\/www.asdcastelvecchio.it\/home\/wp-json\/wp\/v2\/tags?post=10719"}],"curies":[{"name":"wp","href":"https:\/\/api.w.org\/{rel}","templated":true}]}}