{"id":10098,"date":"2023-07-24T15:45:53","date_gmt":"2023-07-24T13:45:53","guid":{"rendered":"http:\/\/www.asdcastelvecchio.it\/home\/?p=10098"},"modified":"2023-07-24T15:45:54","modified_gmt":"2023-07-24T13:45:54","slug":"dallinter-arriva-francesca-colonna","status":"publish","type":"post","link":"http:\/\/www.asdcastelvecchio.it\/home\/2023\/07\/24\/dallinter-arriva-francesca-colonna\/","title":{"rendered":"Dall&#8217;Inter arriva Francesca Colonna"},"content":{"rendered":"\n<p>Cesena, 24\/07\/2023<\/p>\n\n\n\n<p>Il Cesena FC Femminile comunica di aver trovato l&#8217;accordo con l&#8217;FC Internazionale per il prestito della centrocampista Francesca Colonna<\/p>\n\n\n\n<p>La classe 2004 ha iniziato a dare i primi calci al pallone all&#8217;et\u00e0 di 5 anni nella Libert\u00e0 San Bartolomeo a Como, sua citt\u00e0 Natale.<\/p>\n\n\n\n<p>A 12 anni e per tre stagioni consecutive ha indossato la maglia del Como 2000, per poi essere notata dalla squadra nerazzurra con cui ha giocato in under 17 e under 19, conquistando anche la convocazione in prima squadra.<\/p>\n\n\n\n<p>Le sue prestazioni le hanno consentito di entrare a far parte della Nazionale, partecipando a diversi raduni dell&#8217;under 19 e al round di qualificazione per l&#8217;Europa dello scorso anno.<\/p>\n\n\n\n<p>Tutta la Societ\u00e0 augura un grosso in bocca al lupo a Francesca per l&#8217;inizio di questa nuova esperienza in maglia bianconera.<\/p>\n\n\n\n<p>Le dichiarazioni di Francesca:&nbsp;<\/p>\n\n\n\n<p><em>&#8220;Ho scelto il Cesena perch\u00e9 ritengo che sia un ambiente in cui poter crescere e migliorare con tranquillit\u00e0 e, soprattutto, per la fiducia che ho fin da subito percepito nei miei confronti.<\/em><\/p>\n\n\n\n<p><em>A livello personale, l\u2019unico obiettivo che mi pongo per la prossima stagione \u00e8 quello di migliorare sotto ogni punto di vista per poter aiutare la squadra, imparando qualcosa da tutte le persone pi\u00f9 esperte di me che avr\u00f2 intorno&#8221;<\/em><\/p>\n\n\n\n<p><strong>Dai burdeli!<\/strong><\/p>\n","protected":false},"excerpt":{"rendered":"<p>Cesena, 24\/07\/2023 Il Cesena FC Femminile comunica di aver trovato l&#8217;accordo con l&#8217;FC Internazionale per il prestito della centrocampista Francesca Colonna La classe 2004 ha iniziato a dare i primi calci al pallone all&#8217;et\u00e0 di 5 anni nella Libert\u00e0 San Bartolomeo a Como, sua citt\u00e0 Natale. A 12 anni e per tre stagioni consecutive ha&hellip; <br \/> <a class=\"read-more\" href=\"http:\/\/www.asdcastelvecchio.it\/home\/2023\/07\/24\/dallinter-arriva-francesca-colonna\/\">Read more<\/a><\/p>\n","protected":false},"author":3,"featured_media":10099,"comment_status":"closed","ping_status":"open","sticky":false,"template":"","format":"standard","meta":{"footnotes":""},"categories":[1],"tags":[],"class_list":["post-10098","post","type-post","status-publish","format-standard","has-post-thumbnail","hentry","category-serie-b"],"_links":{"self":[{"href":"http:\/\/www.asdcastelvecchio.it\/home\/wp-json\/wp\/v2\/posts\/10098","targetHints":{"allow":["GET"]}}],"collection":[{"href":"http:\/\/www.asdcastelvecchio.it\/home\/wp-json\/wp\/v2\/posts"}],"about":[{"href":"http:\/\/www.asdcastelvecchio.it\/home\/wp-json\/wp\/v2\/types\/post"}],"author":[{"embeddable":true,"href":"http:\/\/www.asdcastelvecchio.it\/home\/wp-json\/wp\/v2\/users\/3"}],"replies":[{"embeddable":true,"href":"http:\/\/www.asdcastelvecchio.it\/home\/wp-json\/wp\/v2\/comments?post=10098"}],"version-history":[{"count":1,"href":"http:\/\/www.asdcastelvecchio.it\/home\/wp-json\/wp\/v2\/posts\/10098\/revisions"}],"predecessor-version":[{"id":10100,"href":"http:\/\/www.asdcastelvecchio.it\/home\/wp-json\/wp\/v2\/posts\/10098\/revisions\/10100"}],"wp:featuredmedia":[{"embeddable":true,"href":"http:\/\/www.asdcastelvecchio.it\/home\/wp-json\/wp\/v2\/media\/10099"}],"wp:attachment":[{"href":"http:\/\/www.asdcastelvecchio.it\/home\/wp-json\/wp\/v2\/media?parent=10098"}],"wp:term":[{"taxonomy":"category","embeddable":true,"href":"http:\/\/www.asdcastelvecchio.it\/home\/wp-json\/wp\/v2\/categories?post=10098"},{"taxonomy":"post_tag","embeddable":true,"href":"http:\/\/www.asdcastelvecchio.it\/home\/wp-json\/wp\/v2\/tags?post=10098"}],"curies":[{"name":"wp","href":"https:\/\/api.w.org\/{rel}","templated":true}]}}